{"id":44937,"date":"2025-07-27T14:34:57","date_gmt":"2025-07-27T11:34:57","guid":{"rendered":"https:\/\/www.egemtv.com\/?p=44937"},"modified":"2025-07-27T14:34:58","modified_gmt":"2025-07-27T11:34:58","slug":"harmancik-yangini-ikinci-gununde-de-devam-ediyor","status":"publish","type":"post","link":"https:\/\/www.egemtv.com\/?p=44937","title":{"rendered":"Harmanc\u0131k yang\u0131n\u0131 ikinci g\u00fcn\u00fcnde de devam ediyor"},"content":{"rendered":"<p>Bursa\u2019n\u0131n Harmanc\u0131k il\u00e7esinde \u00e7\u0131kan orman yang\u0131n\u0131, ikinci g\u00fcn\u00fcnde de b\u00fcy\u00fck bir alanda etkisini s\u00fcrd\u00fcr\u00fcyor. Yang\u0131na karadan ve havadan m\u00fcdahaleler aral\u0131ks\u0131z devam ederken, yang\u0131n\u0131n boyutlar\u0131 kom\u015fu illerden de g\u00f6zle g\u00f6r\u00fcl\u00fcr hale geldi.<br \/>\n<br \/>Yang\u0131n\u0131n \u015fiddeti ve yay\u0131lma h\u0131z\u0131 o kadar artt\u0131 ki K\u00fctahya\u2019n\u0131n Emet il\u00e7esine ba\u011fl\u0131 G\u00fcnl\u00fcce k\u00f6y\u00fcnden dahi yang\u0131n\u0131n dumanlar\u0131 ve alevleri net bir \u015fekilde g\u00f6r\u00fcnt\u00fclendi. Bu durum, yang\u0131n\u0131n ne denli geni\u015f bir alan\u0131 etkisi alt\u0131na ald\u0131\u011f\u0131n\u0131 ve b\u00f6lge i\u00e7in ne kadar b\u00fcy\u00fck bir tehdit olu\u015fturdu\u011funu bir kez daha g\u00f6zler \u00f6n\u00fcne serdi.<br \/>\n<br \/>Yang\u0131n s\u00f6nd\u00fcrme ekipleri, 2 g\u00fcnd\u00fcr s\u00fcren zorlu m\u00fccadelelerinde alevleri kontrol alt\u0131na almak i\u00e7in yo\u011fun \u00e7aba harc\u0131yor. B\u00f6lgedeki r\u00fczgar\u0131n etkisiyle zaman zaman y\u00f6n de\u011fi\u015ftiren ve h\u0131zla ilerleyen yang\u0131n, ekiplerin i\u015fini olduk\u00e7a zorla\u015ft\u0131r\u0131yor. Yang\u0131n\u0131n yerle\u015fim yerlerine s\u0131\u00e7ramamas\u0131 ve daha fazla alana yay\u0131lmamas\u0131 i\u00e7in t\u00fcm imkanlar seferber edilmi\u015f durumda.<br \/><\/p>\n","protected":false},"excerpt":{"rendered":"<p>Bursa\u2019n\u0131n Harmanc\u0131k il\u00e7esinde \u00e7\u0131kan orman yang\u0131n\u0131, ikinci g\u00fcn\u00fcnde de b\u00fcy\u00fck bir alanda etkisini s\u00fcrd\u00fcr\u00fcyor. Yang\u0131na karadan ve havadan m\u00fcdahaleler aral\u0131ks\u0131z devam ederken, yang\u0131n\u0131n boyutlar\u0131 kom\u015fu illerden de g\u00f6zle g\u00f6r\u00fcl\u00fcr hale geldi. Yang\u0131n\u0131n \u015fiddeti ve yay\u0131lma h\u0131z\u0131 o kadar artt\u0131 ki K\u00fctahya\u2019n\u0131n Emet il\u00e7esine ba\u011fl\u0131 G\u00fcnl\u00fcce k\u00f6y\u00fcnden dahi yang\u0131n\u0131n dumanlar\u0131 ve alevleri net bir \u015fekilde g\u00f6r\u00fcnt\u00fclendi&#8230;.<\/p>\n","protected":false},"author":1,"featured_media":44938,"comment_status":"open","ping_status":"open","sticky":false,"template":"","format":"standard","meta":{"_crdt_document":"","footnotes":""},"categories":[5],"tags":[],"class_list":["post-44937","post","type-post","status-publish","format-standard","has-post-thumbnail","hentry","category-asayis"],"_links":{"self":[{"href":"https:\/\/www.egemtv.com\/index.php?rest_route=\/wp\/v2\/posts\/44937","targetHints":{"allow":["GET"]}}],"collection":[{"href":"https:\/\/www.egemtv.com\/index.php?rest_route=\/wp\/v2\/posts"}],"about":[{"href":"https:\/\/www.egemtv.com\/index.php?rest_route=\/wp\/v2\/types\/post"}],"author":[{"embeddable":true,"href":"https:\/\/www.egemtv.com\/index.php?rest_route=\/wp\/v2\/users\/1"}],"replies":[{"embeddable":true,"href":"https:\/\/www.egemtv.com\/index.php?rest_route=%2Fwp%2Fv2%2Fcomments&post=44937"}],"version-history":[{"count":1,"href":"https:\/\/www.egemtv.com\/index.php?rest_route=\/wp\/v2\/posts\/44937\/revisions"}],"predecessor-version":[{"id":44939,"href":"https:\/\/www.egemtv.com\/index.php?rest_route=\/wp\/v2\/posts\/44937\/revisions\/44939"}],"wp:featuredmedia":[{"embeddable":true,"href":"https:\/\/www.egemtv.com\/index.php?rest_route=\/wp\/v2\/media\/44938"}],"wp:attachment":[{"href":"https:\/\/www.egemtv.com\/index.php?rest_route=%2Fwp%2Fv2%2Fmedia&parent=44937"}],"wp:term":[{"taxonomy":"category","embeddable":true,"href":"https:\/\/www.egemtv.com\/index.php?rest_route=%2Fwp%2Fv2%2Fcategories&post=44937"},{"taxonomy":"post_tag","embeddable":true,"href":"https:\/\/www.egemtv.com\/index.php?rest_route=%2Fwp%2Fv2%2Ftags&post=44937"}],"curies":[{"name":"wp","href":"https:\/\/api.w.org\/{rel}","templated":true}]}}