{"id":44934,"date":"2025-07-27T14:16:15","date_gmt":"2025-07-27T11:16:15","guid":{"rendered":"https:\/\/www.egemtv.com\/?p=44934"},"modified":"2025-07-27T14:16:15","modified_gmt":"2025-07-27T11:16:15","slug":"yerli-ve-yabanci-turistin-gozdesi-kizkumu-plaji","status":"publish","type":"post","link":"https:\/\/www.egemtv.com\/?p=44934","title":{"rendered":"Yerli ve yabanc\u0131 turistin g\u00f6zdesi: K\u0131zkumu Plaj\u0131"},"content":{"rendered":"<p>Yerli ve yabanc\u0131 turistlerin ak\u0131n\u0131na u\u011frayan Marmaris\u2019in simge noktalar\u0131ndan K\u0131zkumu Plaj\u0131, e\u015fsiz do\u011fas\u0131 ile ziyaret\u00e7ilerin ilgi oda\u011f\u0131 olmaya devam ediyor.<\/p>\n<p>D\u00fcnyan\u0131n ve T\u00fcrkiye\u2019nin en g\u00f6zde turizm merkezlerinden biri olan Mu\u011fla\u2019n\u0131n Marmaris il\u00e7esine ba\u011fl\u0131 Orhaniye Mahallesi\u2019nde bulunan K\u0131zkumu Plaj\u0131, bu y\u0131l da yerli ve yabanc\u0131 turistlerin ilgi oda\u011f\u0131 oldu. Marmaris il\u00e7e merkezine 28 kilometre mesafedeki do\u011fa harikas\u0131 plaj, ziyaret edenlerin mutlaka u\u011frad\u0131\u011f\u0131 destinasyonlar\u0131n ba\u015f\u0131nda geliyor. Orhaniye Mahallesi\u2019ni \u00e7evreleyen kayalar\u0131n gece-g\u00fcnd\u00fcz s\u0131cakl\u0131k fark\u0131, donma ve a\u015f\u0131nma gibi do\u011fal sebeplerle par\u00e7alanarak sel sular\u0131 taraf\u0131ndan \u00e7ak\u0131l ve kum olarak denize ta\u015f\u0131nmas\u0131yla olu\u015fan K\u0131zkumu, denizin ortas\u0131ndan ge\u00e7en yakla\u015f\u0131k \u00fc\u00e7 metrelik do\u011fal patika g\u00f6r\u00fcn\u00fcm\u00fcyle dikkat \u00e7ekiyor. Bu e\u015fsiz g\u00f6r\u00fcnt\u00fc, b\u00f6lgeyi ziyaret edenlerin en \u00e7ok foto\u011fraf \u00e7ektirdi\u011fi yerlerin ba\u015f\u0131nda geliyor.<\/p>\n<p>Prenses heykeli en \u00e7ok ilgi g\u00f6ren nokta<br \/>\n<br \/>Zaman\u0131nda bir efsaneden esinlenilerek d\u00f6nemin i\u015fletmecilerinden biri taraf\u0131ndan yapt\u0131r\u0131lan ve plaj\u0131n simgesi haline gelen prenses heykeli, ziyaret\u00e7ilerin b\u00fcy\u00fck ilgisini \u00e7ekiyor. Heykelin \u00f6n\u00fcnde hat\u0131ra foto\u011fraf\u0131 \u00e7ektiren turistler, bu deneyimi tekrar ya\u015famak i\u00e7in yeniden gelmeye s\u00f6z veriyor.<\/p>\n<p>&#8220;K\u0131zkumu\u2019na tekrar hayran kald\u0131m&#8221;<br \/>\n<br \/>\u0130stanbul\u2019dan gelen Hande Kantaro\u011flu daha \u00f6nce de Marmaris\u2019i ziyaret etti\u011fini belirterek,  &#8220;Bu kez ailemle, e\u015fimle birlikte geldim. Bozburun\u2019da tatil yapt\u0131k, d\u00f6n\u00fc\u015fte geze geze d\u00f6n\u00fcyoruz. K\u0131zkumu\u2019na tekrar hayran kald\u0131m. Bu g\u00fczellik insan\u0131 i\u00e7ine \u00e7ekiyor. Elbette yine gelece\u011fiz&#8221; dedi.<\/p>\n<p>&#8220;G\u00f6rmeye ve y\u00fczmeye kesinlikle de\u011fer&#8221;<br \/>\n<br \/>Bolu\u2019dan ailesi ve \u00e7ocuklar\u0131yla tatile gelen Ayd\u0131n \u0130man ise K\u0131zkumu\u2019ndan \u00e7ok etkilendiklerini kaydetti. \u0130man, &#8220;D\u00fcn ak\u015fam\u00fcst\u00fc Selimiye\u2019ye ge\u00e7erken u\u011frad\u0131k. \u00c7ocuklar \u00e7ok be\u011fendi, bu y\u00fczden bug\u00fcn tekrar geldik. \u015eu anda onlar y\u00fcz\u00fcyor. Buras\u0131 ger\u00e7ekten \u00e7ok g\u00fczel, g\u00f6rmeye ve suya girip bu zevki tatmaya emin olun de\u011fer&#8221; \u015feklinde konu\u015farak herkesin gelip g\u00f6rmesi gereken bir yer oldu\u011funu ifade etti.<br \/><\/p>\n","protected":false},"excerpt":{"rendered":"<p>Yerli ve yabanc\u0131 turistlerin ak\u0131n\u0131na u\u011frayan Marmaris\u2019in simge noktalar\u0131ndan K\u0131zkumu Plaj\u0131, e\u015fsiz do\u011fas\u0131 ile ziyaret\u00e7ilerin ilgi oda\u011f\u0131 olmaya devam ediyor. D\u00fcnyan\u0131n ve T\u00fcrkiye\u2019nin en g\u00f6zde turizm merkezlerinden biri olan Mu\u011fla\u2019n\u0131n Marmaris il\u00e7esine ba\u011fl\u0131 Orhaniye Mahallesi\u2019nde bulunan K\u0131zkumu Plaj\u0131, bu y\u0131l da yerli ve yabanc\u0131 turistlerin ilgi oda\u011f\u0131 oldu. Marmaris il\u00e7e merkezine 28 kilometre mesafedeki do\u011fa&#8230;<\/p>\n","protected":false},"author":1,"featured_media":44935,"comment_status":"open","ping_status":"open","sticky":false,"template":"","format":"standard","meta":{"_crdt_document":"","footnotes":""},"categories":[1],"tags":[],"class_list":["post-44934","post","type-post","status-publish","format-standard","has-post-thumbnail","hentry","category-guncel"],"_links":{"self":[{"href":"https:\/\/www.egemtv.com\/index.php?rest_route=\/wp\/v2\/posts\/44934","targetHints":{"allow":["GET"]}}],"collection":[{"href":"https:\/\/www.egemtv.com\/index.php?rest_route=\/wp\/v2\/posts"}],"about":[{"href":"https:\/\/www.egemtv.com\/index.php?rest_route=\/wp\/v2\/types\/post"}],"author":[{"embeddable":true,"href":"https:\/\/www.egemtv.com\/index.php?rest_route=\/wp\/v2\/users\/1"}],"replies":[{"embeddable":true,"href":"https:\/\/www.egemtv.com\/index.php?rest_route=%2Fwp%2Fv2%2Fcomments&post=44934"}],"version-history":[{"count":1,"href":"https:\/\/www.egemtv.com\/index.php?rest_route=\/wp\/v2\/posts\/44934\/revisions"}],"predecessor-version":[{"id":44936,"href":"https:\/\/www.egemtv.com\/index.php?rest_route=\/wp\/v2\/posts\/44934\/revisions\/44936"}],"wp:featuredmedia":[{"embeddable":true,"href":"https:\/\/www.egemtv.com\/index.php?rest_route=\/wp\/v2\/media\/44935"}],"wp:attachment":[{"href":"https:\/\/www.egemtv.com\/index.php?rest_route=%2Fwp%2Fv2%2Fmedia&parent=44934"}],"wp:term":[{"taxonomy":"category","embeddable":true,"href":"https:\/\/www.egemtv.com\/index.php?rest_route=%2Fwp%2Fv2%2Fcategories&post=44934"},{"taxonomy":"post_tag","embeddable":true,"href":"https:\/\/www.egemtv.com\/index.php?rest_route=%2Fwp%2Fv2%2Ftags&post=44934"}],"curies":[{"name":"wp","href":"https:\/\/api.w.org\/{rel}","templated":true}]}}