{"id":44931,"date":"2025-07-27T13:34:47","date_gmt":"2025-07-27T10:34:47","guid":{"rendered":"https:\/\/www.egemtv.com\/?p=44931"},"modified":"2025-07-27T13:34:48","modified_gmt":"2025-07-27T10:34:48","slug":"domanicte-bahcelik-alanda-cikan-yangin-kisa-surede-kontrol-altina-alindi","status":"publish","type":"post","link":"https:\/\/www.egemtv.com\/?p=44931","title":{"rendered":"Domani\u00e7\u2019te bah\u00e7elik alanda \u00e7\u0131kan yang\u0131n k\u0131sa s\u00fcrede kontrol alt\u0131na al\u0131nd\u0131"},"content":{"rendered":"<p>K\u00fctahya\u2019n\u0131n Domani\u00e7 il\u00e7esine ba\u011fl\u0131 Saruhanlar ve B\u00f6\u00e7en k\u00f6yleri aras\u0131nda bulunan bah\u00e7elik alanda \u00e7\u0131kan yang\u0131n, k\u00f6yl\u00fclerin ve ekiplerin h\u0131zl\u0131 m\u00fcdahalesi sayesinde b\u00fcy\u00fcmeden kontrol alt\u0131na al\u0131nd\u0131.<br \/>\n<br \/>Eski mezarl\u0131k mevkiinde \u00e7\u0131kan yang\u0131n, b\u00f6lgede k\u0131sa s\u00fcreli pani\u011fe yol a\u00e7t\u0131. Alevlere ilk m\u00fcdahaleyi k\u00f6yl\u00fcler, kendi tankerleriyle yapt\u0131. \u0130hbar \u00fczerine b\u00f6lgeye Domani\u00e7 Orman \u0130\u015fletmesine ba\u011fl\u0131 araz\u00f6zler ile Domani\u00e7 Belediyesi \u0130tfaiye ekipleri sevk edildi.<br \/>\n<br \/>K\u00f6yl\u00fclerin ve ekiplerin koordineli \u00e7al\u0131\u015fmas\u0131yla yang\u0131n k\u0131sa s\u00fcrede s\u00f6nd\u00fcr\u00fcld\u00fc. So\u011futma \u00e7al\u0131\u015fmalar\u0131n\u0131n ard\u0131ndan b\u00f6lge g\u00fcvenli hale getirildi.<br \/>\n<br \/>Yang\u0131n\u0131n \u00e7\u0131k\u0131\u015f nedeni ile ilgili inceleme ba\u015flat\u0131ld\u0131\u011f\u0131 bildirildi.<br \/><\/p>\n","protected":false},"excerpt":{"rendered":"<p>K\u00fctahya\u2019n\u0131n Domani\u00e7 il\u00e7esine ba\u011fl\u0131 Saruhanlar ve B\u00f6\u00e7en k\u00f6yleri aras\u0131nda bulunan bah\u00e7elik alanda \u00e7\u0131kan yang\u0131n, k\u00f6yl\u00fclerin ve ekiplerin h\u0131zl\u0131 m\u00fcdahalesi sayesinde b\u00fcy\u00fcmeden kontrol alt\u0131na al\u0131nd\u0131. Eski mezarl\u0131k mevkiinde \u00e7\u0131kan yang\u0131n, b\u00f6lgede k\u0131sa s\u00fcreli pani\u011fe yol a\u00e7t\u0131. Alevlere ilk m\u00fcdahaleyi k\u00f6yl\u00fcler, kendi tankerleriyle yapt\u0131. \u0130hbar \u00fczerine b\u00f6lgeye Domani\u00e7 Orman \u0130\u015fletmesine ba\u011fl\u0131 araz\u00f6zler ile Domani\u00e7 Belediyesi \u0130tfaiye ekipleri&#8230;<\/p>\n","protected":false},"author":1,"featured_media":44932,"comment_status":"open","ping_status":"open","sticky":false,"template":"","format":"standard","meta":{"_crdt_document":"","footnotes":""},"categories":[5],"tags":[],"class_list":["post-44931","post","type-post","status-publish","format-standard","has-post-thumbnail","hentry","category-asayis"],"_links":{"self":[{"href":"https:\/\/www.egemtv.com\/index.php?rest_route=\/wp\/v2\/posts\/44931","targetHints":{"allow":["GET"]}}],"collection":[{"href":"https:\/\/www.egemtv.com\/index.php?rest_route=\/wp\/v2\/posts"}],"about":[{"href":"https:\/\/www.egemtv.com\/index.php?rest_route=\/wp\/v2\/types\/post"}],"author":[{"embeddable":true,"href":"https:\/\/www.egemtv.com\/index.php?rest_route=\/wp\/v2\/users\/1"}],"replies":[{"embeddable":true,"href":"https:\/\/www.egemtv.com\/index.php?rest_route=%2Fwp%2Fv2%2Fcomments&post=44931"}],"version-history":[{"count":1,"href":"https:\/\/www.egemtv.com\/index.php?rest_route=\/wp\/v2\/posts\/44931\/revisions"}],"predecessor-version":[{"id":44933,"href":"https:\/\/www.egemtv.com\/index.php?rest_route=\/wp\/v2\/posts\/44931\/revisions\/44933"}],"wp:featuredmedia":[{"embeddable":true,"href":"https:\/\/www.egemtv.com\/index.php?rest_route=\/wp\/v2\/media\/44932"}],"wp:attachment":[{"href":"https:\/\/www.egemtv.com\/index.php?rest_route=%2Fwp%2Fv2%2Fmedia&parent=44931"}],"wp:term":[{"taxonomy":"category","embeddable":true,"href":"https:\/\/www.egemtv.com\/index.php?rest_route=%2Fwp%2Fv2%2Fcategories&post=44931"},{"taxonomy":"post_tag","embeddable":true,"href":"https:\/\/www.egemtv.com\/index.php?rest_route=%2Fwp%2Fv2%2Ftags&post=44931"}],"curies":[{"name":"wp","href":"https:\/\/api.w.org\/{rel}","templated":true}]}}