{"id":44928,"date":"2025-07-27T13:34:46","date_gmt":"2025-07-27T10:34:46","guid":{"rendered":"https:\/\/www.egemtv.com\/?p=44928"},"modified":"2025-07-27T13:34:47","modified_gmt":"2025-07-27T10:34:47","slug":"10-yasindaki-mervenin-kalbindeki-iki-delik-kapatildi","status":"publish","type":"post","link":"https:\/\/www.egemtv.com\/?p=44928","title":{"rendered":"10 ya\u015f\u0131ndaki Merve\u2019nin kalbindeki iki delik kapat\u0131ld\u0131"},"content":{"rendered":"<p>MAN\u0130SA (\u0130HA) \u2013 Manisa Celal Bayar \u00dcniversitesi Hafsa Sultan Hastanesi\u2019nde yap\u0131lan operasyonla, 10 ya\u015f\u0131ndaki Merve\u2019nin kalbindeki iki delik kapat\u0131larak sa\u011fl\u0131\u011f\u0131na kavu\u015fmas\u0131 sa\u011fland\u0131.<br \/>\n<br \/>Bursa\u2019da ya\u015fayan Erhan ve Emir Demirhan \u00e7ifti, k\u0131zlar\u0131 Merve\u2019nin kalbinde biri b\u00fcy\u00fck, di\u011feri k\u00fc\u00e7\u00fck olmak \u00fczere iki delik bulundu\u011funu, uzun s\u00fcredir \u00e7\u00f6z\u00fcm arad\u0131klar\u0131n\u0131 belirtti. Bir\u00e7ok doktora ba\u015fvurmalar\u0131na ra\u011fmen sonu\u00e7 alamad\u0131klar\u0131n\u0131 ifade eden baba Erhan Demirhan, &#8220;K\u0131z\u0131m\u0131n kalbinde biri b\u00fcy\u00fck di\u011feri k\u00fc\u00e7\u00fck iki delik vard\u0131. \u00c7ok say\u0131da doktora ve \u00fcniversite hastanesine gittik ama \u00e7\u00f6z\u00fcm bulunamad\u0131. En sonunda Bursa\u2019da hocam\u0131z\u0131 bulduk. Kendisi o s\u00fcre\u00e7te Manisa\u2019ya atanm\u0131\u015ft\u0131, biz de arkas\u0131ndan geldik. Doktor bey koltuk alt\u0131ndan girerek ameliyat edebilece\u011fini s\u00f6yledi. S\u00f6yledi\u011fi gibi de MCB\u00dc Hafsa Sultan Hastanesi\u2019nde ameliyat\u0131 yapt\u0131. Doktorumuza ve t\u00fcm sa\u011fl\u0131k \u00e7al\u0131\u015fanlar\u0131na te\u015fekk\u00fcr ediyoruz, k\u0131z\u0131m\u0131z \u00e7ok iyi&#8221; dedi.<br \/>\n<br \/>Ba\u015far\u0131l\u0131 bir operasyon ge\u00e7irerek sa\u011fl\u0131\u011f\u0131na kavu\u015fan 10 ya\u015f\u0131ndaki Merve Demirhan ise &#8220;A\u011fustos ay\u0131nda 11 ya\u015f\u0131na girece\u011fim. Tedavi i\u00e7in Bursa\u2019dan geldik. Benim kalbimde iki tane delik vard\u0131, bir tanesi k\u00fc\u00e7\u00fck \u00f6b\u00fcr\u00fc b\u00fcy\u00fckt\u00fc. B\u00fcy\u00fck olan 6 milim kadar faland\u0131. Bu y\u00fczden ameliyat ile kapatmak laz\u0131mm\u0131\u015f. \u0130kisi ayr\u0131 yerlerde oldu\u011fu i\u00e7in de anjiyo ile kapat\u0131lamazm\u0131\u015f. Bu y\u00fczden Manisa\u2019da CB\u00dc hastanesinde ameliyat\u0131m\u0131 ger\u00e7ekle\u015ftirdiler. Biraz a\u011fr\u0131m var ama ameliyat sonras\u0131 normal oldu\u011funu s\u00f6ylediler. Ben kolay yorulan biri de\u011fildim fakat yoruldu\u011fumda kalbim ac\u0131yordu, bu biraz s\u0131k\u0131nt\u0131 olu\u015fturuyordu. \u015eimdi in\u015fallah art\u0131k kalbim a\u011fr\u0131mayacak&#8221; diye konu\u015ftu.<br \/>\n<br \/>Ameliyat\u0131 ger\u00e7ekle\u015ftiren MCB\u00dc Hafsa Sultan Hastanesi \u00c7ocuk Kalp ve Damar Cerrahisi Uzman\u0131 Dr. \u00d6\u011fr. \u00dcyesi Serkan Se\u00e7ici, yakla\u015f\u0131k 2 ayd\u0131r Manisa\u2019da g\u00f6rev yapt\u0131\u011f\u0131n\u0131 belirterek, &#8220;Hastam\u0131z\u0131 Bursa\u2019dan tan\u0131yordum. Manisa\u2019ya geldikten sonra ameliyat olmak istediler. Yakla\u015f\u0131k 2 g\u00fcn \u00f6nce Merve\u2019yi koltuk alt\u0131ndan k\u00fc\u00e7\u00fck bir kesiyle ameliyat ettik, kalbindeki iki deli\u011fi kapatt\u0131k. S\u00fcre\u00e7 sorunsuz ge\u00e7ti, yar\u0131n taburcu etmeyi planl\u0131yoruz. Bundan sonra daha kompleks ameliyatlar\u0131 da yapmay\u0131 hedefliyoruz&#8221; ifadelerini kulland\u0131.<br \/>\n<br \/>MCB\u00dc Hafsa Sultan Hastanesi Ba\u015fhekimi Prof. Dr. \u0130smet Top\u00e7u, Manisa\u2019da \u00e7ocuk kalp damar cerrahisi alan\u0131nda yeni bir d\u00f6nemin ba\u015flad\u0131\u011f\u0131n\u0131 vurgulayarak, &#8220;Manisa ve b\u00f6lgemiz i\u00e7in b\u00fcy\u00fck bir eksiklikti. Serkan hocam\u0131z\u0131n gelmesiyle birlikte art\u0131k \u00e7ocuk kalp cerrahisi gerektiren vakalar \u00fcniversite hastanemizde yap\u0131labilecek. Bursa\u2019dan gelen hastam\u0131z \u015fifa buldu, bu bizim i\u00e7in bir ilk oldu&#8221; dedi.<br \/><\/p>\n","protected":false},"excerpt":{"rendered":"<p>MAN\u0130SA (\u0130HA) \u2013 Manisa Celal Bayar \u00dcniversitesi Hafsa Sultan Hastanesi\u2019nde yap\u0131lan operasyonla, 10 ya\u015f\u0131ndaki Merve\u2019nin kalbindeki iki delik kapat\u0131larak sa\u011fl\u0131\u011f\u0131na kavu\u015fmas\u0131 sa\u011fland\u0131. Bursa\u2019da ya\u015fayan Erhan ve Emir Demirhan \u00e7ifti, k\u0131zlar\u0131 Merve\u2019nin kalbinde biri b\u00fcy\u00fck, di\u011feri k\u00fc\u00e7\u00fck olmak \u00fczere iki delik bulundu\u011funu, uzun s\u00fcredir \u00e7\u00f6z\u00fcm arad\u0131klar\u0131n\u0131 belirtti. Bir\u00e7ok doktora ba\u015fvurmalar\u0131na ra\u011fmen sonu\u00e7 alamad\u0131klar\u0131n\u0131 ifade eden baba&#8230;<\/p>\n","protected":false},"author":1,"featured_media":44929,"comment_status":"open","ping_status":"open","sticky":false,"template":"","format":"standard","meta":{"_crdt_document":"","footnotes":""},"categories":[2],"tags":[],"class_list":["post-44928","post","type-post","status-publish","format-standard","has-post-thumbnail","hentry","category-saglik"],"_links":{"self":[{"href":"https:\/\/www.egemtv.com\/index.php?rest_route=\/wp\/v2\/posts\/44928","targetHints":{"allow":["GET"]}}],"collection":[{"href":"https:\/\/www.egemtv.com\/index.php?rest_route=\/wp\/v2\/posts"}],"about":[{"href":"https:\/\/www.egemtv.com\/index.php?rest_route=\/wp\/v2\/types\/post"}],"author":[{"embeddable":true,"href":"https:\/\/www.egemtv.com\/index.php?rest_route=\/wp\/v2\/users\/1"}],"replies":[{"embeddable":true,"href":"https:\/\/www.egemtv.com\/index.php?rest_route=%2Fwp%2Fv2%2Fcomments&post=44928"}],"version-history":[{"count":1,"href":"https:\/\/www.egemtv.com\/index.php?rest_route=\/wp\/v2\/posts\/44928\/revisions"}],"predecessor-version":[{"id":44930,"href":"https:\/\/www.egemtv.com\/index.php?rest_route=\/wp\/v2\/posts\/44928\/revisions\/44930"}],"wp:featuredmedia":[{"embeddable":true,"href":"https:\/\/www.egemtv.com\/index.php?rest_route=\/wp\/v2\/media\/44929"}],"wp:attachment":[{"href":"https:\/\/www.egemtv.com\/index.php?rest_route=%2Fwp%2Fv2%2Fmedia&parent=44928"}],"wp:term":[{"taxonomy":"category","embeddable":true,"href":"https:\/\/www.egemtv.com\/index.php?rest_route=%2Fwp%2Fv2%2Fcategories&post=44928"},{"taxonomy":"post_tag","embeddable":true,"href":"https:\/\/www.egemtv.com\/index.php?rest_route=%2Fwp%2Fv2%2Ftags&post=44928"}],"curies":[{"name":"wp","href":"https:\/\/api.w.org\/{rel}","templated":true}]}}