{"id":44925,"date":"2025-07-27T13:14:44","date_gmt":"2025-07-27T10:14:44","guid":{"rendered":"https:\/\/www.egemtv.com\/?p=44925"},"modified":"2025-07-27T13:14:45","modified_gmt":"2025-07-27T10:14:45","slug":"kusadasinda-alkollu-surucu-tutuklandi","status":"publish","type":"post","link":"https:\/\/www.egemtv.com\/?p=44925","title":{"rendered":"Ku\u015fadas\u0131\u2019nda alkoll\u00fc s\u00fcr\u00fcc\u00fc tutukland\u0131"},"content":{"rendered":"<p>Ku\u015fadas\u0131\u2019nda meydana gelen feci kazada alkoll\u00fc oldu\u011fu tespit edilen 31 ya\u015f\u0131ndaki E.C.\u00c7. idaresindeki 09 APS 009 plakal\u0131 ara\u00e7, yolun kar\u015f\u0131s\u0131na ge\u00e7meye \u00e7al\u0131\u015fan Birol G\u00f6rg\u00fc\u2019ye \u00e7arpt\u0131. Metrelerce savrulan G\u00f6rg\u00fc, olay yerinde hayat\u0131n\u0131 kaybederken kaza sonras\u0131 g\u00f6zalt\u0131na al\u0131nan s\u00fcr\u00fcc\u00fc tutukland\u0131.<\/p>\n<p>Kaza, S\u00fcleyman Demirel Bulvar\u0131 \u00fczerinde, S\u00fcmerbank Kav\u015fa\u011f\u0131 istikametinde ger\u00e7ekle\u015fti. Toprak Kav\u015fa\u011f\u0131 y\u00f6n\u00fcnden gelen ara\u00e7, \u00fc\u00e7 \u015feritli yolun sol \u015feridinde ilerlerken Cirito\u011flu Sitesi y\u00f6n\u00fcne ge\u00e7meye \u00e7al\u0131\u015fan Birol G\u00f6rg\u00fc\u2019ye \u00e7arpt\u0131. G\u00f6rg\u00fc\u2019n\u00fcn olay s\u0131ras\u0131nda cep telefonuyla konu\u015ftu\u011fu ve ref\u00fcje yak\u0131n bir noktadan ge\u00e7meye \u00e7al\u0131\u015ft\u0131\u011f\u0131 \u00f6\u011frenildi. G\u00fcvenlik kameras\u0131 g\u00f6r\u00fcnt\u00fclerinde, yayan\u0131n kontrols\u00fcz \u015fekilde yola \u00e7\u0131kt\u0131\u011f\u0131, ancak s\u00fcr\u00fcc\u00fcn\u00fcn hi\u00e7bir yava\u015flama ya da manevra yapmadan y\u00fcksek h\u0131zla seyrine devam etti\u011fi tespit edildi. Kazan\u0131n ard\u0131ndan olay yerine gelen sa\u011fl\u0131k ekipleri, Birol G\u00f6rg\u00fc\u2019n\u00fcn ya\u015fam\u0131n\u0131 yitirdi\u011fini belirledi. Yap\u0131lan alkol testinde s\u00fcr\u00fcc\u00fc E.C.\u00c7.\u2019nin 2.39 promil alkoll\u00fc oldu\u011fu ortaya \u00e7\u0131kt\u0131. G\u00f6zalt\u0131na al\u0131nan s\u00fcr\u00fcc\u00fc, \u00e7\u0131kar\u0131ld\u0131\u011f\u0131 mahkeme taraf\u0131ndan tutuklanarak cezaevine g\u00f6nderildi.<br \/>\n<br \/>Olayla ilgili soru\u015fturma devam ediyor.<br \/><\/p>\n","protected":false},"excerpt":{"rendered":"<p>Ku\u015fadas\u0131\u2019nda meydana gelen feci kazada alkoll\u00fc oldu\u011fu tespit edilen 31 ya\u015f\u0131ndaki E.C.\u00c7. idaresindeki 09 APS 009 plakal\u0131 ara\u00e7, yolun kar\u015f\u0131s\u0131na ge\u00e7meye \u00e7al\u0131\u015fan Birol G\u00f6rg\u00fc\u2019ye \u00e7arpt\u0131. Metrelerce savrulan G\u00f6rg\u00fc, olay yerinde hayat\u0131n\u0131 kaybederken kaza sonras\u0131 g\u00f6zalt\u0131na al\u0131nan s\u00fcr\u00fcc\u00fc tutukland\u0131. Kaza, S\u00fcleyman Demirel Bulvar\u0131 \u00fczerinde, S\u00fcmerbank Kav\u015fa\u011f\u0131 istikametinde ger\u00e7ekle\u015fti. Toprak Kav\u015fa\u011f\u0131 y\u00f6n\u00fcnden gelen ara\u00e7, \u00fc\u00e7 \u015feritli yolun&#8230;<\/p>\n","protected":false},"author":1,"featured_media":44926,"comment_status":"open","ping_status":"open","sticky":false,"template":"","format":"standard","meta":{"_crdt_document":"","footnotes":""},"categories":[5],"tags":[],"class_list":["post-44925","post","type-post","status-publish","format-standard","has-post-thumbnail","hentry","category-asayis"],"_links":{"self":[{"href":"https:\/\/www.egemtv.com\/index.php?rest_route=\/wp\/v2\/posts\/44925","targetHints":{"allow":["GET"]}}],"collection":[{"href":"https:\/\/www.egemtv.com\/index.php?rest_route=\/wp\/v2\/posts"}],"about":[{"href":"https:\/\/www.egemtv.com\/index.php?rest_route=\/wp\/v2\/types\/post"}],"author":[{"embeddable":true,"href":"https:\/\/www.egemtv.com\/index.php?rest_route=\/wp\/v2\/users\/1"}],"replies":[{"embeddable":true,"href":"https:\/\/www.egemtv.com\/index.php?rest_route=%2Fwp%2Fv2%2Fcomments&post=44925"}],"version-history":[{"count":1,"href":"https:\/\/www.egemtv.com\/index.php?rest_route=\/wp\/v2\/posts\/44925\/revisions"}],"predecessor-version":[{"id":44927,"href":"https:\/\/www.egemtv.com\/index.php?rest_route=\/wp\/v2\/posts\/44925\/revisions\/44927"}],"wp:featuredmedia":[{"embeddable":true,"href":"https:\/\/www.egemtv.com\/index.php?rest_route=\/wp\/v2\/media\/44926"}],"wp:attachment":[{"href":"https:\/\/www.egemtv.com\/index.php?rest_route=%2Fwp%2Fv2%2Fmedia&parent=44925"}],"wp:term":[{"taxonomy":"category","embeddable":true,"href":"https:\/\/www.egemtv.com\/index.php?rest_route=%2Fwp%2Fv2%2Fcategories&post=44925"},{"taxonomy":"post_tag","embeddable":true,"href":"https:\/\/www.egemtv.com\/index.php?rest_route=%2Fwp%2Fv2%2Ftags&post=44925"}],"curies":[{"name":"wp","href":"https:\/\/api.w.org\/{rel}","templated":true}]}}