{"id":44922,"date":"2025-07-27T12:54:49","date_gmt":"2025-07-27T09:54:49","guid":{"rendered":"https:\/\/www.egemtv.com\/?p=44922"},"modified":"2025-07-27T12:54:50","modified_gmt":"2025-07-27T09:54:50","slug":"ziraat-odalari-koordinasyon-kurulu-toplantisi-sultanhisarda-gerceklestirildi","status":"publish","type":"post","link":"https:\/\/www.egemtv.com\/?p=44922","title":{"rendered":"Ziraat Odalar\u0131 Koordinasyon Kurulu Toplant\u0131s\u0131 Sultanhisar\u2019da ger\u00e7ekle\u015ftirildi"},"content":{"rendered":"<p>Ayd\u0131n Ziraat Odalar\u0131 Koordinasyon Kurulu Toplant\u0131s\u0131, Sultanhisar il\u00e7esinde ger\u00e7ekle\u015ftirildi.<\/p>\n<p>Ayd\u0131n Ziraat Odalar\u0131 Koordinasyon Kurulu\u2019nun her ay farkl\u0131 bir il\u00e7ede d\u00fczenledi\u011fi toplant\u0131n\u0131n bu ayki adresi Sultanhisar oldu. Toplant\u0131ya Sultanhisar Kaymakam\u0131 Ali Ekber Ate\u015f, Ayd\u0131n \u0130l Tar\u0131m ve Orman M\u00fcd\u00fcr\u00fc \u0130brahim Alt\u0131nta\u015f ve Ayd\u0131n genelindeki 16 ziraat odas\u0131 ba\u015fkan\u0131 kat\u0131ld\u0131. Toplant\u0131da, ziraat odas\u0131 ba\u015fkanlar\u0131n\u0131n g\u00fcndeme getirdi\u011fi tar\u0131msal sorunlar ve \u00e7\u00f6z\u00fcm \u00f6nerileri ele al\u0131n\u0131rken, \u00fcreticilere y\u00f6nelik bilgilendirme ve y\u00f6nlendirmelerde bulunuldu. Kat\u0131l\u0131mc\u0131lar, tar\u0131msal \u00fcretimde verimlili\u011fin art\u0131r\u0131lmas\u0131 ve \u00e7ift\u00e7ilerin desteklenmesi ad\u0131na g\u00f6r\u00fc\u015f al\u0131\u015fveri\u015finde bulundu.<br \/><\/p>\n","protected":false},"excerpt":{"rendered":"<p>Ayd\u0131n Ziraat Odalar\u0131 Koordinasyon Kurulu Toplant\u0131s\u0131, Sultanhisar il\u00e7esinde ger\u00e7ekle\u015ftirildi. Ayd\u0131n Ziraat Odalar\u0131 Koordinasyon Kurulu\u2019nun her ay farkl\u0131 bir il\u00e7ede d\u00fczenledi\u011fi toplant\u0131n\u0131n bu ayki adresi Sultanhisar oldu. Toplant\u0131ya Sultanhisar Kaymakam\u0131 Ali Ekber Ate\u015f, Ayd\u0131n \u0130l Tar\u0131m ve Orman M\u00fcd\u00fcr\u00fc \u0130brahim Alt\u0131nta\u015f ve Ayd\u0131n genelindeki 16 ziraat odas\u0131 ba\u015fkan\u0131 kat\u0131ld\u0131. Toplant\u0131da, ziraat odas\u0131 ba\u015fkanlar\u0131n\u0131n g\u00fcndeme getirdi\u011fi tar\u0131msal&#8230;<\/p>\n","protected":false},"author":1,"featured_media":44923,"comment_status":"open","ping_status":"open","sticky":false,"template":"","format":"standard","meta":{"_crdt_document":"","footnotes":""},"categories":[1],"tags":[],"class_list":["post-44922","post","type-post","status-publish","format-standard","has-post-thumbnail","hentry","category-guncel"],"_links":{"self":[{"href":"https:\/\/www.egemtv.com\/index.php?rest_route=\/wp\/v2\/posts\/44922","targetHints":{"allow":["GET"]}}],"collection":[{"href":"https:\/\/www.egemtv.com\/index.php?rest_route=\/wp\/v2\/posts"}],"about":[{"href":"https:\/\/www.egemtv.com\/index.php?rest_route=\/wp\/v2\/types\/post"}],"author":[{"embeddable":true,"href":"https:\/\/www.egemtv.com\/index.php?rest_route=\/wp\/v2\/users\/1"}],"replies":[{"embeddable":true,"href":"https:\/\/www.egemtv.com\/index.php?rest_route=%2Fwp%2Fv2%2Fcomments&post=44922"}],"version-history":[{"count":1,"href":"https:\/\/www.egemtv.com\/index.php?rest_route=\/wp\/v2\/posts\/44922\/revisions"}],"predecessor-version":[{"id":44924,"href":"https:\/\/www.egemtv.com\/index.php?rest_route=\/wp\/v2\/posts\/44922\/revisions\/44924"}],"wp:featuredmedia":[{"embeddable":true,"href":"https:\/\/www.egemtv.com\/index.php?rest_route=\/wp\/v2\/media\/44923"}],"wp:attachment":[{"href":"https:\/\/www.egemtv.com\/index.php?rest_route=%2Fwp%2Fv2%2Fmedia&parent=44922"}],"wp:term":[{"taxonomy":"category","embeddable":true,"href":"https:\/\/www.egemtv.com\/index.php?rest_route=%2Fwp%2Fv2%2Fcategories&post=44922"},{"taxonomy":"post_tag","embeddable":true,"href":"https:\/\/www.egemtv.com\/index.php?rest_route=%2Fwp%2Fv2%2Ftags&post=44922"}],"curies":[{"name":"wp","href":"https:\/\/api.w.org\/{rel}","templated":true}]}}