{"id":44913,"date":"2025-07-27T12:54:46","date_gmt":"2025-07-27T09:54:46","guid":{"rendered":"https:\/\/www.egemtv.com\/?p=44913"},"modified":"2025-07-27T12:54:48","modified_gmt":"2025-07-27T09:54:48","slug":"fethiye-limaninda-su-alarak-batma-tehlikesi-yasayan-teknenin-suyu-tahliye-edildi","status":"publish","type":"post","link":"https:\/\/www.egemtv.com\/?p=44913","title":{"rendered":"Fethiye liman\u0131nda su alarak batma tehlikesi ya\u015fayan teknenin suyu tahliye edildi"},"content":{"rendered":"<p>Mu\u011fla\u2019n\u0131n Fethiye il\u00e7esinde limanda bulunan bir teknenin su almas\u0131 \u00fczerine K\u0131y\u0131 Emniyet Genel M\u00fcd\u00fcrl\u00fc\u011f\u00fc ekipleri taraf\u0131ndan su tahliyesi ger\u00e7ekle\u015ftirildi.<br \/>\n<br \/>Fethiye liman\u0131nda ba\u011fl\u0131 bulunan teknenin su almaya ba\u015flamas\u0131 \u00fczerine K\u0131y\u0131 Emniyet Genel m\u00fcd\u00fcrl\u00fc\u011f\u00fc ekiplerin yard\u0131m talep edildi. Yap\u0131lan yard\u0131m talebi \u00fczerine g\u00f6revlendirilen TAHL\u0130S\u0130YE-5 botu taraf\u0131ndan su tahliye edilerek emniyete al\u0131nd\u0131.<br \/><\/p>\n","protected":false},"excerpt":{"rendered":"<p>Mu\u011fla\u2019n\u0131n Fethiye il\u00e7esinde limanda bulunan bir teknenin su almas\u0131 \u00fczerine K\u0131y\u0131 Emniyet Genel M\u00fcd\u00fcrl\u00fc\u011f\u00fc ekipleri taraf\u0131ndan su tahliyesi ger\u00e7ekle\u015ftirildi. Fethiye liman\u0131nda ba\u011fl\u0131 bulunan teknenin su almaya ba\u015flamas\u0131 \u00fczerine K\u0131y\u0131 Emniyet Genel m\u00fcd\u00fcrl\u00fc\u011f\u00fc ekiplerin yard\u0131m talep edildi. Yap\u0131lan yard\u0131m talebi \u00fczerine g\u00f6revlendirilen TAHL\u0130S\u0130YE-5 botu taraf\u0131ndan su tahliye edilerek emniyete al\u0131nd\u0131.<\/p>\n","protected":false},"author":1,"featured_media":44914,"comment_status":"open","ping_status":"open","sticky":false,"template":"","format":"standard","meta":{"_crdt_document":"","footnotes":""},"categories":[5],"tags":[],"class_list":["post-44913","post","type-post","status-publish","format-standard","has-post-thumbnail","hentry","category-asayis"],"_links":{"self":[{"href":"https:\/\/www.egemtv.com\/index.php?rest_route=\/wp\/v2\/posts\/44913","targetHints":{"allow":["GET"]}}],"collection":[{"href":"https:\/\/www.egemtv.com\/index.php?rest_route=\/wp\/v2\/posts"}],"about":[{"href":"https:\/\/www.egemtv.com\/index.php?rest_route=\/wp\/v2\/types\/post"}],"author":[{"embeddable":true,"href":"https:\/\/www.egemtv.com\/index.php?rest_route=\/wp\/v2\/users\/1"}],"replies":[{"embeddable":true,"href":"https:\/\/www.egemtv.com\/index.php?rest_route=%2Fwp%2Fv2%2Fcomments&post=44913"}],"version-history":[{"count":1,"href":"https:\/\/www.egemtv.com\/index.php?rest_route=\/wp\/v2\/posts\/44913\/revisions"}],"predecessor-version":[{"id":44915,"href":"https:\/\/www.egemtv.com\/index.php?rest_route=\/wp\/v2\/posts\/44913\/revisions\/44915"}],"wp:featuredmedia":[{"embeddable":true,"href":"https:\/\/www.egemtv.com\/index.php?rest_route=\/wp\/v2\/media\/44914"}],"wp:attachment":[{"href":"https:\/\/www.egemtv.com\/index.php?rest_route=%2Fwp%2Fv2%2Fmedia&parent=44913"}],"wp:term":[{"taxonomy":"category","embeddable":true,"href":"https:\/\/www.egemtv.com\/index.php?rest_route=%2Fwp%2Fv2%2Fcategories&post=44913"},{"taxonomy":"post_tag","embeddable":true,"href":"https:\/\/www.egemtv.com\/index.php?rest_route=%2Fwp%2Fv2%2Ftags&post=44913"}],"curies":[{"name":"wp","href":"https:\/\/api.w.org\/{rel}","templated":true}]}}