{"id":44910,"date":"2025-07-27T12:54:46","date_gmt":"2025-07-27T09:54:46","guid":{"rendered":"https:\/\/www.egemtv.com\/?p=44910"},"modified":"2025-07-27T12:54:46","modified_gmt":"2025-07-27T09:54:46","slug":"muhtarlar-derneginden-ihtiyac-sahibi-genc-ciftlere-gelinlik-ve-damatlik-yardimi","status":"publish","type":"post","link":"https:\/\/www.egemtv.com\/?p=44910","title":{"rendered":"Muhtarlar derne\u011finden ihtiya\u00e7 sahibi gen\u00e7 \u00e7iftlere gelinlik ve damatl\u0131k yard\u0131m\u0131"},"content":{"rendered":"<p>2025 Aile Y\u0131l\u0131 kapsam\u0131nda, Afyonkarahisar Muhtarlar Derne\u011fi ihtiya\u00e7 sahibi evlenecek \u00e7iftlere gelinlik ve damatl\u0131k yard\u0131m\u0131nda bulunduklar\u0131n\u0131 duyurdu.<br \/>\n<br \/>2025 Aile Y\u0131l\u0131 kapsam\u0131nda, Afyonkarahisar Muhtarlar Derne\u011fi \u00f6rnek bir projeye daha imza at\u0131yor. Dernek Ba\u015fkan\u0131 Suat Uygur \u00f6nc\u00fcl\u00fc\u011f\u00fcnde y\u00fcr\u00fct\u00fclen \u00e7al\u0131\u015fma ile, ihtiya\u00e7 sahibi gen\u00e7 \u00e7iftlere d\u00fc\u011f\u00fcnlerinde destek olmak amac\u0131yla gelinlik ve damatl\u0131k k\u0131yafeti deste\u011fi sa\u011flan\u0131yor. Kurulu\u015fundan bu yana kentte yard\u0131ma muhta\u00e7 ailelerin yan\u0131nda olan Afyonkarahisar Muhtarlar Derne\u011fi, bu kez de evlenmeye haz\u0131rlanan gen\u00e7 \u00e7iftlerin en mutlu g\u00fcnlerinde yanlar\u0131nda olarak, toplumsal dayan\u0131\u015fmaya anlaml\u0131 bir katk\u0131 sunuyor. Dernek Ba\u015fkan\u0131 Suat Uygur, projenin amac\u0131n\u0131n yaln\u0131zca maddi destek de\u011fil; dayan\u0131\u015fma ruhunu g\u00fc\u00e7lendirmek ve aile kavram\u0131n\u0131n \u00f6nemini vurgulamak oldu\u011funu belirtti.<br \/>\n<br \/>Uygur: &#8220;2025\u2019in Aile Y\u0131l\u0131 ilan edilmesi dolay\u0131s\u0131yla biz de bu y\u0131l gen\u00e7 \u00e7iftlere y\u00f6nelik \u00f6zel bir destek projesi ba\u015flatt\u0131k. Herkesin d\u00fc\u011f\u00fcn g\u00fcn\u00fcnde mutlu olmaya hakk\u0131 var. Bu s\u00fcre\u00e7te elimizden geldi\u011fince onlar\u0131n yan\u0131nda olmaya gayret ediyoruz&#8221; dedi.<br \/><\/p>\n","protected":false},"excerpt":{"rendered":"<p>2025 Aile Y\u0131l\u0131 kapsam\u0131nda, Afyonkarahisar Muhtarlar Derne\u011fi ihtiya\u00e7 sahibi evlenecek \u00e7iftlere gelinlik ve damatl\u0131k yard\u0131m\u0131nda bulunduklar\u0131n\u0131 duyurdu. 2025 Aile Y\u0131l\u0131 kapsam\u0131nda, Afyonkarahisar Muhtarlar Derne\u011fi \u00f6rnek bir projeye daha imza at\u0131yor. Dernek Ba\u015fkan\u0131 Suat Uygur \u00f6nc\u00fcl\u00fc\u011f\u00fcnde y\u00fcr\u00fct\u00fclen \u00e7al\u0131\u015fma ile, ihtiya\u00e7 sahibi gen\u00e7 \u00e7iftlere d\u00fc\u011f\u00fcnlerinde destek olmak amac\u0131yla gelinlik ve damatl\u0131k k\u0131yafeti deste\u011fi sa\u011flan\u0131yor. Kurulu\u015fundan bu yana&#8230;<\/p>\n","protected":false},"author":1,"featured_media":44911,"comment_status":"open","ping_status":"open","sticky":false,"template":"","format":"standard","meta":{"_crdt_document":"","footnotes":""},"categories":[1],"tags":[],"class_list":["post-44910","post","type-post","status-publish","format-standard","has-post-thumbnail","hentry","category-guncel"],"_links":{"self":[{"href":"https:\/\/www.egemtv.com\/index.php?rest_route=\/wp\/v2\/posts\/44910","targetHints":{"allow":["GET"]}}],"collection":[{"href":"https:\/\/www.egemtv.com\/index.php?rest_route=\/wp\/v2\/posts"}],"about":[{"href":"https:\/\/www.egemtv.com\/index.php?rest_route=\/wp\/v2\/types\/post"}],"author":[{"embeddable":true,"href":"https:\/\/www.egemtv.com\/index.php?rest_route=\/wp\/v2\/users\/1"}],"replies":[{"embeddable":true,"href":"https:\/\/www.egemtv.com\/index.php?rest_route=%2Fwp%2Fv2%2Fcomments&post=44910"}],"version-history":[{"count":1,"href":"https:\/\/www.egemtv.com\/index.php?rest_route=\/wp\/v2\/posts\/44910\/revisions"}],"predecessor-version":[{"id":44912,"href":"https:\/\/www.egemtv.com\/index.php?rest_route=\/wp\/v2\/posts\/44910\/revisions\/44912"}],"wp:featuredmedia":[{"embeddable":true,"href":"https:\/\/www.egemtv.com\/index.php?rest_route=\/wp\/v2\/media\/44911"}],"wp:attachment":[{"href":"https:\/\/www.egemtv.com\/index.php?rest_route=%2Fwp%2Fv2%2Fmedia&parent=44910"}],"wp:term":[{"taxonomy":"category","embeddable":true,"href":"https:\/\/www.egemtv.com\/index.php?rest_route=%2Fwp%2Fv2%2Fcategories&post=44910"},{"taxonomy":"post_tag","embeddable":true,"href":"https:\/\/www.egemtv.com\/index.php?rest_route=%2Fwp%2Fv2%2Ftags&post=44910"}],"curies":[{"name":"wp","href":"https:\/\/api.w.org\/{rel}","templated":true}]}}