{"id":44907,"date":"2025-07-27T12:54:45","date_gmt":"2025-07-27T09:54:45","guid":{"rendered":"https:\/\/www.egemtv.com\/?p=44907"},"modified":"2025-07-27T12:54:45","modified_gmt":"2025-07-27T09:54:45","slug":"il-muftusu-imamoglu-muftuluk-personelinin-nikahini-kiydi","status":"publish","type":"post","link":"https:\/\/www.egemtv.com\/?p=44907","title":{"rendered":"\u0130l M\u00fcft\u00fcs\u00fc \u0130mamo\u011flu, m\u00fcft\u00fcl\u00fck personelinin nikah\u0131n\u0131 k\u0131yd\u0131"},"content":{"rendered":"<p>Afyonkarahisar \u0130l M\u00fcft\u00fcs\u00fc L\u00fctf\u00fc \u0130mamo\u011flu, \u0130l M\u00fcft\u00fcl\u00fc\u011f\u00fc personellerinden Mustafa Ayaz ve G\u00fcng\u00f6r \u00c7ulfa\u2019n\u0131n nikahlar\u0131n\u0131 k\u0131yarak, &#8220;d\u00fcnya ve ahiret saadeti diliyorum&#8221; dedi.<br \/>\n<br \/>\u0130l M\u00fcft\u00fcl\u00fc\u011f\u00fc Konferans Salonu\u2019nda d\u00fczenlenen t\u00f6rene; m\u00fcft\u00fc yard\u0131mc\u0131lar\u0131, \u015fube m\u00fcd\u00fcrleri, vaizler, daire personeli ve davetliler kat\u0131ld\u0131. Nikah merasiminde konu\u015fan M\u00fcft\u00fc \u0130mamo\u011flu, y\u0131llard\u0131r bir\u00e7ok nikah k\u0131yd\u0131\u011f\u0131n\u0131 belirterek, &#8220;Her nikahta ayr\u0131 bir heyecan ya\u015f\u0131yoruz. Bu kez de kendi personelimizin nikah\u0131n\u0131 k\u0131ymaktan b\u00fcy\u00fck bir mutluluk duydum. Hocalar\u0131m\u0131za d\u00fcnya ve ahiret saadeti diliyorum,&#8221; ifadelerini kulland\u0131.<br \/>\n<br \/>T\u00f6renin sonunda, m\u00fcft\u00fcl\u00fck personeli taraf\u0131ndan haz\u0131rlanan hediye, yeni evli \u00e7ifte takdim edildi.<br \/><\/p>\n","protected":false},"excerpt":{"rendered":"<p>Afyonkarahisar \u0130l M\u00fcft\u00fcs\u00fc L\u00fctf\u00fc \u0130mamo\u011flu, \u0130l M\u00fcft\u00fcl\u00fc\u011f\u00fc personellerinden Mustafa Ayaz ve G\u00fcng\u00f6r \u00c7ulfa\u2019n\u0131n nikahlar\u0131n\u0131 k\u0131yarak, &#8220;d\u00fcnya ve ahiret saadeti diliyorum&#8221; dedi. \u0130l M\u00fcft\u00fcl\u00fc\u011f\u00fc Konferans Salonu\u2019nda d\u00fczenlenen t\u00f6rene; m\u00fcft\u00fc yard\u0131mc\u0131lar\u0131, \u015fube m\u00fcd\u00fcrleri, vaizler, daire personeli ve davetliler kat\u0131ld\u0131. Nikah merasiminde konu\u015fan M\u00fcft\u00fc \u0130mamo\u011flu, y\u0131llard\u0131r bir\u00e7ok nikah k\u0131yd\u0131\u011f\u0131n\u0131 belirterek, &#8220;Her nikahta ayr\u0131 bir heyecan ya\u015f\u0131yoruz. Bu kez&#8230;<\/p>\n","protected":false},"author":1,"featured_media":44908,"comment_status":"open","ping_status":"open","sticky":false,"template":"","format":"standard","meta":{"_crdt_document":"","footnotes":""},"categories":[1],"tags":[],"class_list":["post-44907","post","type-post","status-publish","format-standard","has-post-thumbnail","hentry","category-guncel"],"_links":{"self":[{"href":"https:\/\/www.egemtv.com\/index.php?rest_route=\/wp\/v2\/posts\/44907","targetHints":{"allow":["GET"]}}],"collection":[{"href":"https:\/\/www.egemtv.com\/index.php?rest_route=\/wp\/v2\/posts"}],"about":[{"href":"https:\/\/www.egemtv.com\/index.php?rest_route=\/wp\/v2\/types\/post"}],"author":[{"embeddable":true,"href":"https:\/\/www.egemtv.com\/index.php?rest_route=\/wp\/v2\/users\/1"}],"replies":[{"embeddable":true,"href":"https:\/\/www.egemtv.com\/index.php?rest_route=%2Fwp%2Fv2%2Fcomments&post=44907"}],"version-history":[{"count":1,"href":"https:\/\/www.egemtv.com\/index.php?rest_route=\/wp\/v2\/posts\/44907\/revisions"}],"predecessor-version":[{"id":44909,"href":"https:\/\/www.egemtv.com\/index.php?rest_route=\/wp\/v2\/posts\/44907\/revisions\/44909"}],"wp:featuredmedia":[{"embeddable":true,"href":"https:\/\/www.egemtv.com\/index.php?rest_route=\/wp\/v2\/media\/44908"}],"wp:attachment":[{"href":"https:\/\/www.egemtv.com\/index.php?rest_route=%2Fwp%2Fv2%2Fmedia&parent=44907"}],"wp:term":[{"taxonomy":"category","embeddable":true,"href":"https:\/\/www.egemtv.com\/index.php?rest_route=%2Fwp%2Fv2%2Fcategories&post=44907"},{"taxonomy":"post_tag","embeddable":true,"href":"https:\/\/www.egemtv.com\/index.php?rest_route=%2Fwp%2Fv2%2Ftags&post=44907"}],"curies":[{"name":"wp","href":"https:\/\/api.w.org\/{rel}","templated":true}]}}