{"id":44904,"date":"2025-07-27T12:54:44","date_gmt":"2025-07-27T09:54:44","guid":{"rendered":"https:\/\/www.egemtv.com\/?p=44904"},"modified":"2025-07-27T12:54:45","modified_gmt":"2025-07-27T09:54:45","slug":"lavanta-ve-kekik-hasadi-renkli-goruntulere-sahne-oldu","status":"publish","type":"post","link":"https:\/\/www.egemtv.com\/?p=44904","title":{"rendered":"Lavanta ve kekik hasad\u0131 renkli g\u00f6r\u00fcnt\u00fclere sahne oldu"},"content":{"rendered":"<p>Afyonkarahisar\u2019\u0131n Sand\u0131kl\u0131 il\u00e7esinde yer alan bir lavanta ve kekik \u00fcretim alan\u0131nda d\u00fczenlenen hasat etkinli\u011fi, do\u011fayla i\u00e7 i\u00e7e keyifli anlara sahne oldu.<br \/>\n<br \/>Kat\u0131l\u0131mc\u0131lar, mor lavanta tarlalar\u0131nda hasat yaparak hem \u00fcretim s\u00fcrecine tan\u0131kl\u0131k etti hem de bu do\u011fal g\u00fczelli\u011fin tad\u0131n\u0131 \u00e7\u0131kard\u0131. Etkinli\u011fe; Sand\u0131kl\u0131 Kaymakam\u0131 Sel\u00e7uk Yosunkaya, ilgili tesisi temsilen yetkililer ile birlikte; Afyonkarahisar \u0130l K\u00fclt\u00fcr ve Turizm M\u00fcd\u00fcr\u00fc Yusuf Alt\u0131n, il\u00e7e kurum amirleri, Esnaf ve Sanatk\u00e2rlar Odas\u0131 Ba\u015fkan\u0131 Ahmet \u00d6ztop ve Ticaret ve Sanayi Odas\u0131 Ba\u015fkan\u0131 Bekir \u00c7etin ve siyasi isimler kat\u0131ld\u0131.<br \/>\n<br \/>Lavanta ve kekik yeti\u015ftiricili\u011finin hem k\u0131rsal kalk\u0131nmaya hem de turizme katk\u0131 sundu\u011funa dikkat \u00e7ekilen etkinlikte, bu t\u00fcr tar\u0131msal faaliyetlerin il\u00e7eye ekonomik ve g\u00f6rsel zenginlik kazand\u0131rd\u0131\u011f\u0131 vurguland\u0131.<br \/><\/p>\n","protected":false},"excerpt":{"rendered":"<p>Afyonkarahisar\u2019\u0131n Sand\u0131kl\u0131 il\u00e7esinde yer alan bir lavanta ve kekik \u00fcretim alan\u0131nda d\u00fczenlenen hasat etkinli\u011fi, do\u011fayla i\u00e7 i\u00e7e keyifli anlara sahne oldu. Kat\u0131l\u0131mc\u0131lar, mor lavanta tarlalar\u0131nda hasat yaparak hem \u00fcretim s\u00fcrecine tan\u0131kl\u0131k etti hem de bu do\u011fal g\u00fczelli\u011fin tad\u0131n\u0131 \u00e7\u0131kard\u0131. Etkinli\u011fe; Sand\u0131kl\u0131 Kaymakam\u0131 Sel\u00e7uk Yosunkaya, ilgili tesisi temsilen yetkililer ile birlikte; Afyonkarahisar \u0130l K\u00fclt\u00fcr ve Turizm&#8230;<\/p>\n","protected":false},"author":1,"featured_media":44905,"comment_status":"open","ping_status":"open","sticky":false,"template":"","format":"standard","meta":{"_crdt_document":"","footnotes":""},"categories":[1],"tags":[],"class_list":["post-44904","post","type-post","status-publish","format-standard","has-post-thumbnail","hentry","category-guncel"],"_links":{"self":[{"href":"https:\/\/www.egemtv.com\/index.php?rest_route=\/wp\/v2\/posts\/44904","targetHints":{"allow":["GET"]}}],"collection":[{"href":"https:\/\/www.egemtv.com\/index.php?rest_route=\/wp\/v2\/posts"}],"about":[{"href":"https:\/\/www.egemtv.com\/index.php?rest_route=\/wp\/v2\/types\/post"}],"author":[{"embeddable":true,"href":"https:\/\/www.egemtv.com\/index.php?rest_route=\/wp\/v2\/users\/1"}],"replies":[{"embeddable":true,"href":"https:\/\/www.egemtv.com\/index.php?rest_route=%2Fwp%2Fv2%2Fcomments&post=44904"}],"version-history":[{"count":1,"href":"https:\/\/www.egemtv.com\/index.php?rest_route=\/wp\/v2\/posts\/44904\/revisions"}],"predecessor-version":[{"id":44906,"href":"https:\/\/www.egemtv.com\/index.php?rest_route=\/wp\/v2\/posts\/44904\/revisions\/44906"}],"wp:featuredmedia":[{"embeddable":true,"href":"https:\/\/www.egemtv.com\/index.php?rest_route=\/wp\/v2\/media\/44905"}],"wp:attachment":[{"href":"https:\/\/www.egemtv.com\/index.php?rest_route=%2Fwp%2Fv2%2Fmedia&parent=44904"}],"wp:term":[{"taxonomy":"category","embeddable":true,"href":"https:\/\/www.egemtv.com\/index.php?rest_route=%2Fwp%2Fv2%2Fcategories&post=44904"},{"taxonomy":"post_tag","embeddable":true,"href":"https:\/\/www.egemtv.com\/index.php?rest_route=%2Fwp%2Fv2%2Ftags&post=44904"}],"curies":[{"name":"wp","href":"https:\/\/api.w.org\/{rel}","templated":true}]}}