{"id":44901,"date":"2025-07-27T12:54:42","date_gmt":"2025-07-27T09:54:42","guid":{"rendered":"https:\/\/www.egemtv.com\/?p=44901"},"modified":"2025-07-27T12:54:44","modified_gmt":"2025-07-27T09:54:44","slug":"sandikli-gardas-yarenler-meclisinden-gelecege-yatirim","status":"publish","type":"post","link":"https:\/\/www.egemtv.com\/?p=44901","title":{"rendered":"Sand\u0131kl\u0131 Garda\u015f Yarenler Meclisi\u2019nden gelece\u011fe yat\u0131r\u0131m"},"content":{"rendered":"<p>Ahilik k\u00fclt\u00fcr\u00fcn\u00fc ya\u015fatma amac\u0131yla faaliyet g\u00f6steren Afyonkarahisar Sand\u0131kl\u0131 Garda\u015f Yarenler K\u00fclt\u00fcr Derne\u011fi, Sand\u0131kl\u0131 Esnaf ve Sanatk\u00e2rlar Odas\u0131 i\u015f birli\u011fiyle geleneksel \u00c7\u0131rak Projesi\u2019ni bu y\u0131l da s\u00fcrd\u00fcr\u00fcyor.<br \/>\n<br \/>Ge\u00e7ti\u011fimiz iki y\u0131lda oldu\u011fu gibi bu y\u0131l da, meslek \u00f6\u011frenmek isteyen gen\u00e7ler ve \u00e7ocuklar, istedikleri alandaki esnaflarla e\u015fle\u015ftirilerek \u00e7\u0131rak olarak y\u00f6nlendirildi. \u0130l\u00e7ede b\u00fcy\u00fck ilgi g\u00f6ren projeye hem ailelerden hem de esnaflardan talepler geldi. Bu y\u0131l, yakla\u015f\u0131k 15 \u00e7ocuk ve gen\u00e7, il\u00e7ede faaliyet g\u00f6steren a\u015f\u00e7\u0131, elektrik\u00e7i, demir do\u011framac\u0131, kasap, klima ve buzdolab\u0131 tamircisi, berber, s\u0131hhi tesisat\u00e7\u0131, garson, kuaf\u00f6r, motor ve kaporta ustas\u0131, mobilyac\u0131 gibi 14 farkl\u0131 meslek erbab\u0131n\u0131n yan\u0131nda \u00e7\u0131rakl\u0131k yapmaya ba\u015flad\u0131. Projenin temel amac\u0131; el eme\u011fi ve ustal\u0131k gerektiren mesleklerin gelecek nesillere aktar\u0131lmas\u0131, meslek sahibi olmayan gen\u00e7lerin y\u00f6nlendirilmesi ve geleneksel Ahilik anlay\u0131\u015f\u0131n\u0131n ya\u015fat\u0131lmas\u0131. Yaz tatili boyunca hem meslek \u00f6\u011frenen hem de kendi har\u00e7l\u0131klar\u0131n\u0131 kazanan gen\u00e7ler, bu proje sayesinde hayata erken ya\u015fta haz\u0131rlanma f\u0131rsat\u0131 buluyor.<br \/><\/p>\n","protected":false},"excerpt":{"rendered":"<p>Ahilik k\u00fclt\u00fcr\u00fcn\u00fc ya\u015fatma amac\u0131yla faaliyet g\u00f6steren Afyonkarahisar Sand\u0131kl\u0131 Garda\u015f Yarenler K\u00fclt\u00fcr Derne\u011fi, Sand\u0131kl\u0131 Esnaf ve Sanatk\u00e2rlar Odas\u0131 i\u015f birli\u011fiyle geleneksel \u00c7\u0131rak Projesi\u2019ni bu y\u0131l da s\u00fcrd\u00fcr\u00fcyor. Ge\u00e7ti\u011fimiz iki y\u0131lda oldu\u011fu gibi bu y\u0131l da, meslek \u00f6\u011frenmek isteyen gen\u00e7ler ve \u00e7ocuklar, istedikleri alandaki esnaflarla e\u015fle\u015ftirilerek \u00e7\u0131rak olarak y\u00f6nlendirildi. \u0130l\u00e7ede b\u00fcy\u00fck ilgi g\u00f6ren projeye hem ailelerden hem&#8230;<\/p>\n","protected":false},"author":1,"featured_media":44902,"comment_status":"open","ping_status":"open","sticky":false,"template":"","format":"standard","meta":{"_crdt_document":"","footnotes":""},"categories":[1],"tags":[],"class_list":["post-44901","post","type-post","status-publish","format-standard","has-post-thumbnail","hentry","category-guncel"],"_links":{"self":[{"href":"https:\/\/www.egemtv.com\/index.php?rest_route=\/wp\/v2\/posts\/44901","targetHints":{"allow":["GET"]}}],"collection":[{"href":"https:\/\/www.egemtv.com\/index.php?rest_route=\/wp\/v2\/posts"}],"about":[{"href":"https:\/\/www.egemtv.com\/index.php?rest_route=\/wp\/v2\/types\/post"}],"author":[{"embeddable":true,"href":"https:\/\/www.egemtv.com\/index.php?rest_route=\/wp\/v2\/users\/1"}],"replies":[{"embeddable":true,"href":"https:\/\/www.egemtv.com\/index.php?rest_route=%2Fwp%2Fv2%2Fcomments&post=44901"}],"version-history":[{"count":1,"href":"https:\/\/www.egemtv.com\/index.php?rest_route=\/wp\/v2\/posts\/44901\/revisions"}],"predecessor-version":[{"id":44903,"href":"https:\/\/www.egemtv.com\/index.php?rest_route=\/wp\/v2\/posts\/44901\/revisions\/44903"}],"wp:featuredmedia":[{"embeddable":true,"href":"https:\/\/www.egemtv.com\/index.php?rest_route=\/wp\/v2\/media\/44902"}],"wp:attachment":[{"href":"https:\/\/www.egemtv.com\/index.php?rest_route=%2Fwp%2Fv2%2Fmedia&parent=44901"}],"wp:term":[{"taxonomy":"category","embeddable":true,"href":"https:\/\/www.egemtv.com\/index.php?rest_route=%2Fwp%2Fv2%2Fcategories&post=44901"},{"taxonomy":"post_tag","embeddable":true,"href":"https:\/\/www.egemtv.com\/index.php?rest_route=%2Fwp%2Fv2%2Ftags&post=44901"}],"curies":[{"name":"wp","href":"https:\/\/api.w.org\/{rel}","templated":true}]}}