{"id":44898,"date":"2025-07-27T12:54:42","date_gmt":"2025-07-27T09:54:42","guid":{"rendered":"https:\/\/www.egemtv.com\/?p=44898"},"modified":"2025-07-27T12:54:42","modified_gmt":"2025-07-27T09:54:42","slug":"selcik-koyunde-sari-dede-sultana-vefa","status":"publish","type":"post","link":"https:\/\/www.egemtv.com\/?p=44898","title":{"rendered":"Sel\u00e7ik K\u00f6y\u00fc\u2019nde Sar\u0131 Dede Sultan\u2019a vefa"},"content":{"rendered":"<p>Afyonkarahisar\u2019\u0131n Sand\u0131kl\u0131 il\u00e7esine ba\u011fl\u0131 Sel\u00e7ik K\u00f6y\u00fc, 17. Sar\u0131 Dede Sultan Anma ve K\u00fclt\u00fcr Festivali\u2019ne ev sahipli\u011fi yapt\u0131. Yo\u011fun kat\u0131l\u0131mla ger\u00e7ekle\u015fen etkinlik, karde\u015flik ve ho\u015fg\u00f6r\u00fc mesajlar\u0131yla dolu bir g\u00fcne sahne oldu.<br \/>\n<br \/>Programa, Sand\u0131kl\u0131 Kaymakam\u0131 Sel\u00e7uk Yosunkaya\u2019n\u0131n yan\u0131 s\u0131r \u00e7ok say\u0131da vatanda\u015f ve siyasi kat\u0131ld\u0131. Konu\u015fmas\u0131nda birlik ve beraberli\u011fin \u00f6nemine vurgu yapan Belediye Ba\u015fkan\u0131 Adnan \u00d6zta\u015f, &#8220;Anadolu\u2019nun en b\u00fcy\u00fck zenginli\u011fi ho\u015fg\u00f6r\u00fcd\u00fcr. Sar\u0131 Dede Sultan\u2019\u0131n bizlere miras b\u0131rakt\u0131\u011f\u0131 karde\u015flik yolunu hep birlikte s\u00fcrd\u00fcrmek ve k\u00fclt\u00fcrel de\u011ferlerimizi ya\u015fatmak hepimizin g\u00f6revidir&#8221; ifadelerini kulland\u0131. Anma etkinli\u011finde vatanda\u015flar, manevi atmosfer i\u00e7inde Sar\u0131 Dede Sultan\u2019\u0131 dualarla and\u0131.<br \/><\/p>\n","protected":false},"excerpt":{"rendered":"<p>Afyonkarahisar\u2019\u0131n Sand\u0131kl\u0131 il\u00e7esine ba\u011fl\u0131 Sel\u00e7ik K\u00f6y\u00fc, 17. Sar\u0131 Dede Sultan Anma ve K\u00fclt\u00fcr Festivali\u2019ne ev sahipli\u011fi yapt\u0131. Yo\u011fun kat\u0131l\u0131mla ger\u00e7ekle\u015fen etkinlik, karde\u015flik ve ho\u015fg\u00f6r\u00fc mesajlar\u0131yla dolu bir g\u00fcne sahne oldu. Programa, Sand\u0131kl\u0131 Kaymakam\u0131 Sel\u00e7uk Yosunkaya\u2019n\u0131n yan\u0131 s\u0131r \u00e7ok say\u0131da vatanda\u015f ve siyasi kat\u0131ld\u0131. Konu\u015fmas\u0131nda birlik ve beraberli\u011fin \u00f6nemine vurgu yapan Belediye Ba\u015fkan\u0131 Adnan \u00d6zta\u015f, &#8220;Anadolu\u2019nun&#8230;<\/p>\n","protected":false},"author":1,"featured_media":44899,"comment_status":"open","ping_status":"open","sticky":false,"template":"","format":"standard","meta":{"_crdt_document":"","footnotes":""},"categories":[1],"tags":[],"class_list":["post-44898","post","type-post","status-publish","format-standard","has-post-thumbnail","hentry","category-guncel"],"_links":{"self":[{"href":"https:\/\/www.egemtv.com\/index.php?rest_route=\/wp\/v2\/posts\/44898","targetHints":{"allow":["GET"]}}],"collection":[{"href":"https:\/\/www.egemtv.com\/index.php?rest_route=\/wp\/v2\/posts"}],"about":[{"href":"https:\/\/www.egemtv.com\/index.php?rest_route=\/wp\/v2\/types\/post"}],"author":[{"embeddable":true,"href":"https:\/\/www.egemtv.com\/index.php?rest_route=\/wp\/v2\/users\/1"}],"replies":[{"embeddable":true,"href":"https:\/\/www.egemtv.com\/index.php?rest_route=%2Fwp%2Fv2%2Fcomments&post=44898"}],"version-history":[{"count":1,"href":"https:\/\/www.egemtv.com\/index.php?rest_route=\/wp\/v2\/posts\/44898\/revisions"}],"predecessor-version":[{"id":44900,"href":"https:\/\/www.egemtv.com\/index.php?rest_route=\/wp\/v2\/posts\/44898\/revisions\/44900"}],"wp:featuredmedia":[{"embeddable":true,"href":"https:\/\/www.egemtv.com\/index.php?rest_route=\/wp\/v2\/media\/44899"}],"wp:attachment":[{"href":"https:\/\/www.egemtv.com\/index.php?rest_route=%2Fwp%2Fv2%2Fmedia&parent=44898"}],"wp:term":[{"taxonomy":"category","embeddable":true,"href":"https:\/\/www.egemtv.com\/index.php?rest_route=%2Fwp%2Fv2%2Fcategories&post=44898"},{"taxonomy":"post_tag","embeddable":true,"href":"https:\/\/www.egemtv.com\/index.php?rest_route=%2Fwp%2Fv2%2Ftags&post=44898"}],"curies":[{"name":"wp","href":"https:\/\/api.w.org\/{rel}","templated":true}]}}