{"id":44895,"date":"2025-07-27T12:34:52","date_gmt":"2025-07-27T09:34:52","guid":{"rendered":"https:\/\/www.egemtv.com\/?p=44895"},"modified":"2025-07-27T12:34:53","modified_gmt":"2025-07-27T09:34:53","slug":"mugla-oranlarinda-24-saat-nobet","status":"publish","type":"post","link":"https:\/\/www.egemtv.com\/?p=44895","title":{"rendered":"Mu\u011fla oranlar\u0131nda 24 saat n\u00f6bet"},"content":{"rendered":"<p>Y\u00fczde 67\u2019si ormanlarla kapl\u0131 ve yang\u0131na en hassas iller aras\u0131nda yer alan Mu\u011fla\u2019da muhtemel orman yang\u0131n\u0131na kar\u015f\u0131 sesli, g\u00f6rsel ve sosyal medya kanal\u0131yla vatanda\u015flar Mu\u011fla Valili\u011fi kanal\u0131 ile s\u0131k s\u0131k uyar\u0131l\u0131rken, yang\u0131n riski bulunan alanlarda da jandarma ve orman ekipleri devriye g\u00f6revini 7\/24 s\u00fcrd\u00fcr\u00fcyor.<br \/>\n<br \/>Mu\u011fla Valili\u011fi taraf\u0131ndan al\u0131nan yang\u0131n \u00f6nlem kararlar\u0131 aras\u0131nda yer alan ormanl\u0131k alanlara giri\u015f yasa\u011f\u0131na ra\u011fmen Jandarma ve Mu\u011fla Orman B\u00f6lge M\u00fcd\u00fcrl\u00fc\u011f\u00fc ekipleri, orman g\u00f6zetleme ve m\u00fc\u015fterek devriye faaliyetlerine aral\u0131ks\u0131z devam ediyor. Orman ve Jandarma ekipleri ellerinde d\u00fcrb\u00fcn ile s\u00fcrekli olarak sahay\u0131 g\u00f6zetlerken, vatanda\u015flar\u0131 da uyar\u0131yor.<br \/>\n<br \/>Mu\u011fla Valili\u011finden8 yap\u0131lan uyar\u0131da, &#8220;Yang\u0131nlar\u0131 birlikte s\u00f6nd\u00fcrebiliriz. Hem de daha ba\u015flamadan. Ye\u015fil vatan\u0131n korunmas\u0131 i\u00e7in bu s\u00fcre\u00e7te: An\u0131z yakmay\u0131n, sigara izmaritini yere atmay\u0131n, a\u00e7\u0131k alanda ate\u015f yakmay\u0131n, cam \u015fi\u015feleri do\u011faya b\u0131rakmay\u0131n. Unutmay\u0131n, orman yang\u0131nlar\u0131n\u0131n y\u00fczde 86\u2019s\u0131 insan kaynakl\u0131. Bir anl\u0131k dikkatsizli\u011finiz, afet boyutunda bir yang\u0131na sebep olabilir&#8221; denildi.<br \/><\/p>\n","protected":false},"excerpt":{"rendered":"<p>Y\u00fczde 67\u2019si ormanlarla kapl\u0131 ve yang\u0131na en hassas iller aras\u0131nda yer alan Mu\u011fla\u2019da muhtemel orman yang\u0131n\u0131na kar\u015f\u0131 sesli, g\u00f6rsel ve sosyal medya kanal\u0131yla vatanda\u015flar Mu\u011fla Valili\u011fi kanal\u0131 ile s\u0131k s\u0131k uyar\u0131l\u0131rken, yang\u0131n riski bulunan alanlarda da jandarma ve orman ekipleri devriye g\u00f6revini 7\/24 s\u00fcrd\u00fcr\u00fcyor. Mu\u011fla Valili\u011fi taraf\u0131ndan al\u0131nan yang\u0131n \u00f6nlem kararlar\u0131 aras\u0131nda yer alan ormanl\u0131k&#8230;<\/p>\n","protected":false},"author":1,"featured_media":44896,"comment_status":"open","ping_status":"open","sticky":false,"template":"","format":"standard","meta":{"_crdt_document":"","footnotes":""},"categories":[1],"tags":[],"class_list":["post-44895","post","type-post","status-publish","format-standard","has-post-thumbnail","hentry","category-guncel"],"_links":{"self":[{"href":"https:\/\/www.egemtv.com\/index.php?rest_route=\/wp\/v2\/posts\/44895","targetHints":{"allow":["GET"]}}],"collection":[{"href":"https:\/\/www.egemtv.com\/index.php?rest_route=\/wp\/v2\/posts"}],"about":[{"href":"https:\/\/www.egemtv.com\/index.php?rest_route=\/wp\/v2\/types\/post"}],"author":[{"embeddable":true,"href":"https:\/\/www.egemtv.com\/index.php?rest_route=\/wp\/v2\/users\/1"}],"replies":[{"embeddable":true,"href":"https:\/\/www.egemtv.com\/index.php?rest_route=%2Fwp%2Fv2%2Fcomments&post=44895"}],"version-history":[{"count":1,"href":"https:\/\/www.egemtv.com\/index.php?rest_route=\/wp\/v2\/posts\/44895\/revisions"}],"predecessor-version":[{"id":44897,"href":"https:\/\/www.egemtv.com\/index.php?rest_route=\/wp\/v2\/posts\/44895\/revisions\/44897"}],"wp:featuredmedia":[{"embeddable":true,"href":"https:\/\/www.egemtv.com\/index.php?rest_route=\/wp\/v2\/media\/44896"}],"wp:attachment":[{"href":"https:\/\/www.egemtv.com\/index.php?rest_route=%2Fwp%2Fv2%2Fmedia&parent=44895"}],"wp:term":[{"taxonomy":"category","embeddable":true,"href":"https:\/\/www.egemtv.com\/index.php?rest_route=%2Fwp%2Fv2%2Fcategories&post=44895"},{"taxonomy":"post_tag","embeddable":true,"href":"https:\/\/www.egemtv.com\/index.php?rest_route=%2Fwp%2Fv2%2Ftags&post=44895"}],"curies":[{"name":"wp","href":"https:\/\/api.w.org\/{rel}","templated":true}]}}