{"id":44892,"date":"2025-07-27T12:34:51","date_gmt":"2025-07-27T09:34:51","guid":{"rendered":"https:\/\/www.egemtv.com\/?p=44892"},"modified":"2025-07-27T12:34:52","modified_gmt":"2025-07-27T09:34:52","slug":"komsusunun-odunlugunun-yanisini-goren-yasli-kadin-panikleyip-bayginlik-gecirdi","status":"publish","type":"post","link":"https:\/\/www.egemtv.com\/?p=44892","title":{"rendered":"Kom\u015fusunun odunlu\u011funun yan\u0131\u015f\u0131n\u0131 g\u00f6ren ya\u015fl\u0131 kad\u0131n panikleyip bayg\u0131nl\u0131k ge\u00e7irdi"},"content":{"rendered":"<p>Isparta\u2019n\u0131n Yalva\u00e7 il\u00e7esinde bir evin odunlu\u011funda \u00e7\u0131kan yang\u0131n korku dolu anlara neden oldu. Kom\u015fusunun odunlu\u011funun yand\u0131\u011f\u0131n\u0131 g\u00f6ren ya\u015fl\u0131 kad\u0131n panikleyip g\u00f6zya\u015flar\u0131na bo\u011fularak bayg\u0131nl\u0131k ge\u00e7irirken, yang\u0131na m\u00fcdahale eden kep\u00e7e operat\u00f6r\u00fc hafif \u015fekilde yaraland\u0131.<br \/>\n<br \/>Yang\u0131n, Yalva\u00e7 il\u00e7esine ba\u011fl\u0131 \u00d6zbayat k\u00f6y\u00fc Kuzyaka mevkiinde meydana geldi. Edinilen bilgiye g\u00f6re, H\u00fcdaverdi K.\u2019ya ait 2 katl\u0131 ah\u015fap odunluk ve depoda hen\u00fcz bilinmeyen bir nedenle yang\u0131n \u00e7\u0131kt\u0131. Dumanlar\u0131 fark eden vatanda\u015flar\u0131n ihbar\u0131 \u00fczerine b\u00f6lgeye itfaiye, sa\u011fl\u0131k, jandarma ekipleri ile \u00e7evre k\u00f6ylerden su tankerleri sevk edildi. Olay yerine gelen itfaiye ekiplerinin m\u00fcdahalesiyle yang\u0131n k\u0131sa s\u00fcrede kontrol alt\u0131na al\u0131nd\u0131. Yang\u0131na kep\u00e7eyle m\u00fcdahale eden operat\u00f6r Enes G. hafif \u015fekilde yaralan\u0131rken, olay yerindeki sa\u011fl\u0131k ekipleri taraf\u0131ndan ayakta tedavi edildi.<\/p>\n<p>Kom\u015fusunun odunlu\u011funun yan\u0131\u015f\u0131n\u0131 g\u00f6ren ya\u015fl\u0131 kad\u0131n panikleyip bayg\u0131nl\u0131k ge\u00e7irdi<br \/>\n<br \/>\u00d6te yandan, odunlu\u011fun tamamen yanarak k\u00fcle d\u00f6nd\u00fc\u011f\u00fcn\u00fc g\u00f6ren ya\u015fl\u0131 kom\u015fu panikleyip g\u00f6zya\u015flar\u0131na bo\u011fularak olay yerinde bayg\u0131nl\u0131k ge\u00e7irdi. Sa\u011fl\u0131k ekiplerinin m\u00fcdahale etti\u011fi kad\u0131n, uzun s\u00fcre sakinle\u015ftirilmeye \u00e7al\u0131\u015f\u0131ld\u0131. Yang\u0131n\u0131n \u00e7\u0131k\u0131\u015f nedenine ili\u015fkin jandarma ve itfaiye ekipleri taraf\u0131ndan inceleme ba\u015flat\u0131ld\u0131.<br \/><\/p>\n","protected":false},"excerpt":{"rendered":"<p>Isparta\u2019n\u0131n Yalva\u00e7 il\u00e7esinde bir evin odunlu\u011funda \u00e7\u0131kan yang\u0131n korku dolu anlara neden oldu. Kom\u015fusunun odunlu\u011funun yand\u0131\u011f\u0131n\u0131 g\u00f6ren ya\u015fl\u0131 kad\u0131n panikleyip g\u00f6zya\u015flar\u0131na bo\u011fularak bayg\u0131nl\u0131k ge\u00e7irirken, yang\u0131na m\u00fcdahale eden kep\u00e7e operat\u00f6r\u00fc hafif \u015fekilde yaraland\u0131. Yang\u0131n, Yalva\u00e7 il\u00e7esine ba\u011fl\u0131 \u00d6zbayat k\u00f6y\u00fc Kuzyaka mevkiinde meydana geldi. Edinilen bilgiye g\u00f6re, H\u00fcdaverdi K.\u2019ya ait 2 katl\u0131 ah\u015fap odunluk ve depoda hen\u00fcz&#8230;<\/p>\n","protected":false},"author":1,"featured_media":44893,"comment_status":"open","ping_status":"open","sticky":false,"template":"","format":"standard","meta":{"_crdt_document":"","footnotes":""},"categories":[5],"tags":[],"class_list":["post-44892","post","type-post","status-publish","format-standard","has-post-thumbnail","hentry","category-asayis"],"_links":{"self":[{"href":"https:\/\/www.egemtv.com\/index.php?rest_route=\/wp\/v2\/posts\/44892","targetHints":{"allow":["GET"]}}],"collection":[{"href":"https:\/\/www.egemtv.com\/index.php?rest_route=\/wp\/v2\/posts"}],"about":[{"href":"https:\/\/www.egemtv.com\/index.php?rest_route=\/wp\/v2\/types\/post"}],"author":[{"embeddable":true,"href":"https:\/\/www.egemtv.com\/index.php?rest_route=\/wp\/v2\/users\/1"}],"replies":[{"embeddable":true,"href":"https:\/\/www.egemtv.com\/index.php?rest_route=%2Fwp%2Fv2%2Fcomments&post=44892"}],"version-history":[{"count":1,"href":"https:\/\/www.egemtv.com\/index.php?rest_route=\/wp\/v2\/posts\/44892\/revisions"}],"predecessor-version":[{"id":44894,"href":"https:\/\/www.egemtv.com\/index.php?rest_route=\/wp\/v2\/posts\/44892\/revisions\/44894"}],"wp:featuredmedia":[{"embeddable":true,"href":"https:\/\/www.egemtv.com\/index.php?rest_route=\/wp\/v2\/media\/44893"}],"wp:attachment":[{"href":"https:\/\/www.egemtv.com\/index.php?rest_route=%2Fwp%2Fv2%2Fmedia&parent=44892"}],"wp:term":[{"taxonomy":"category","embeddable":true,"href":"https:\/\/www.egemtv.com\/index.php?rest_route=%2Fwp%2Fv2%2Fcategories&post=44892"},{"taxonomy":"post_tag","embeddable":true,"href":"https:\/\/www.egemtv.com\/index.php?rest_route=%2Fwp%2Fv2%2Ftags&post=44892"}],"curies":[{"name":"wp","href":"https:\/\/api.w.org\/{rel}","templated":true}]}}