{"id":44889,"date":"2025-07-27T12:15:27","date_gmt":"2025-07-27T09:15:27","guid":{"rendered":"https:\/\/www.egemtv.com\/?p=44889"},"modified":"2025-07-27T12:15:27","modified_gmt":"2025-07-27T09:15:27","slug":"yunanistanin-geri-ittigi-duzensiz-gocmen-kurtarildi","status":"publish","type":"post","link":"https:\/\/www.egemtv.com\/?p=44889","title":{"rendered":"Yunanistan\u2019\u0131n geri itti\u011fi d\u00fczensiz g\u00f6\u00e7men kurtar\u0131ld\u0131"},"content":{"rendered":"<p>Mu\u011fla\u2019n\u0131n Dat\u00e7a il\u00e7esi a\u00e7\u0131klar\u0131nda Yunanistan sahil g\u00fcvenlik unsurlar\u0131 taraf\u0131ndan T\u00fcrk karasular\u0131na geri itilen lastik bot i\u00e7indeki d\u00fczensiz g\u00f6\u00e7men kurtar\u0131ld\u0131.<br \/>\n<br \/>Dat\u00e7a il\u00e7esi a\u00e7\u0131klar\u0131nda lastik bot i\u00e7erisinde d\u00fczensiz g\u00f6\u00e7men oldu\u011fu bilgisinin al\u0131nmas\u0131 \u00fczerine g\u00f6revlendirilen Sahil G\u00fcvenlik Botu taraf\u0131ndan Yunanistan sahil g\u00fcvenlik unsurlar\u0131nca T\u00fcrk Karasular\u0131na geri itilen lastik bot i\u00e7erisindeki d\u00fczensiz g\u00f6\u00e7men kurtar\u0131ld\u0131.<br \/><\/p>\n","protected":false},"excerpt":{"rendered":"<p>Mu\u011fla\u2019n\u0131n Dat\u00e7a il\u00e7esi a\u00e7\u0131klar\u0131nda Yunanistan sahil g\u00fcvenlik unsurlar\u0131 taraf\u0131ndan T\u00fcrk karasular\u0131na geri itilen lastik bot i\u00e7indeki d\u00fczensiz g\u00f6\u00e7men kurtar\u0131ld\u0131. Dat\u00e7a il\u00e7esi a\u00e7\u0131klar\u0131nda lastik bot i\u00e7erisinde d\u00fczensiz g\u00f6\u00e7men oldu\u011fu bilgisinin al\u0131nmas\u0131 \u00fczerine g\u00f6revlendirilen Sahil G\u00fcvenlik Botu taraf\u0131ndan Yunanistan sahil g\u00fcvenlik unsurlar\u0131nca T\u00fcrk Karasular\u0131na geri itilen lastik bot i\u00e7erisindeki d\u00fczensiz g\u00f6\u00e7men kurtar\u0131ld\u0131.<\/p>\n","protected":false},"author":1,"featured_media":44890,"comment_status":"open","ping_status":"open","sticky":false,"template":"","format":"standard","meta":{"_crdt_document":"","footnotes":""},"categories":[5],"tags":[],"class_list":["post-44889","post","type-post","status-publish","format-standard","has-post-thumbnail","hentry","category-asayis"],"_links":{"self":[{"href":"https:\/\/www.egemtv.com\/index.php?rest_route=\/wp\/v2\/posts\/44889","targetHints":{"allow":["GET"]}}],"collection":[{"href":"https:\/\/www.egemtv.com\/index.php?rest_route=\/wp\/v2\/posts"}],"about":[{"href":"https:\/\/www.egemtv.com\/index.php?rest_route=\/wp\/v2\/types\/post"}],"author":[{"embeddable":true,"href":"https:\/\/www.egemtv.com\/index.php?rest_route=\/wp\/v2\/users\/1"}],"replies":[{"embeddable":true,"href":"https:\/\/www.egemtv.com\/index.php?rest_route=%2Fwp%2Fv2%2Fcomments&post=44889"}],"version-history":[{"count":1,"href":"https:\/\/www.egemtv.com\/index.php?rest_route=\/wp\/v2\/posts\/44889\/revisions"}],"predecessor-version":[{"id":44891,"href":"https:\/\/www.egemtv.com\/index.php?rest_route=\/wp\/v2\/posts\/44889\/revisions\/44891"}],"wp:featuredmedia":[{"embeddable":true,"href":"https:\/\/www.egemtv.com\/index.php?rest_route=\/wp\/v2\/media\/44890"}],"wp:attachment":[{"href":"https:\/\/www.egemtv.com\/index.php?rest_route=%2Fwp%2Fv2%2Fmedia&parent=44889"}],"wp:term":[{"taxonomy":"category","embeddable":true,"href":"https:\/\/www.egemtv.com\/index.php?rest_route=%2Fwp%2Fv2%2Fcategories&post=44889"},{"taxonomy":"post_tag","embeddable":true,"href":"https:\/\/www.egemtv.com\/index.php?rest_route=%2Fwp%2Fv2%2Ftags&post=44889"}],"curies":[{"name":"wp","href":"https:\/\/api.w.org\/{rel}","templated":true}]}}