{"id":44883,"date":"2025-07-27T11:55:42","date_gmt":"2025-07-27T08:55:42","guid":{"rendered":"https:\/\/www.egemtv.com\/?p=44883"},"modified":"2025-07-27T11:55:43","modified_gmt":"2025-07-27T08:55:43","slug":"usakta-devam-eden-yanginin-tahribati-gun-isigiyla-ortaya-cikti","status":"publish","type":"post","link":"https:\/\/www.egemtv.com\/?p=44883","title":{"rendered":"U\u015fak\u2019ta devam eden yang\u0131n\u0131n tahribat\u0131 g\u00fcn \u0131\u015f\u0131\u011f\u0131yla ortaya \u00e7\u0131kt\u0131"},"content":{"rendered":"<p>U\u015fak\u2019ta d\u00fcn \u00f6\u011fle saatlerinde ba\u015flay\u0131p gece boyu devam eden orman yang\u0131n\u0131na karadan m\u00fcdahalelere gece boyu devam ederken, g\u00fcn\u00fcn a\u011farmas\u0131yla havadan m\u00fcdahalede ba\u015flad\u0131. Yang\u0131n\u0131n olu\u015fturdu\u011fu tahribat drone ile havadan g\u00f6r\u00fcnt\u00fclendi.<br \/>\n<br \/>U\u015fak\u2019\u0131n Sivasl\u0131 il\u00e7esine ba\u011fl\u0131 Ketenlik K\u00f6y\u00fcnde d\u00fcn \u00f6\u011fle saatlerinde orman yang\u0131n\u0131 ba\u015flad\u0131. Ekiplerin havadan ve karadan m\u00fcdahalesine ra\u011fmen b\u00f6lgedeki \u015fiddetli r\u00fczgar sebebiyle alevler kontrol alt\u0131na al\u0131namad\u0131. Yang\u0131n nedeniyle Ketenlik k\u00f6y\u00fcndeki evlerde tahliyeler yap\u0131l\u0131rken, yang\u0131n k\u00f6ydeki baz\u0131 evlerde ciddi hasarlara yol a\u00e7t\u0131. Havan\u0131n kararmas\u0131yla hava m\u00fcdahaleleri sona ererken, ekiplerin karadan cansiperane m\u00fccadelesi ise devam etti. Havan\u0131n ayd\u0131nlanmas\u0131yla b\u00f6lgede yang\u0131na havadan m\u00fcdahaleler de ba\u015flad\u0131. Yang\u0131na 5 yang\u0131n s\u00f6nd\u00fcrme helikopteri, 36 araz\u00f6z, 20 su tankeri, 20 i\u015f makinesi, 599 personel m\u00fcdahale ediyor.<br \/>\n<br \/>Yang\u0131n\u0131n olu\u015fturdu\u011fu hasar g\u00fcn \u0131\u015f\u0131\u011f\u0131yla ortaya \u00e7\u0131kt\u0131<br \/>\n<br \/>Gece boyu devam eden orman yang\u0131n\u0131n\u0131n olu\u015fturdu\u011fu tahribat g\u00fcn \u0131\u015f\u0131\u011f\u0131yla ortaya \u00e7\u0131kt\u0131. Yanan k\u00f6y ve \u00e7evresindeki ormanl\u0131k alan drone ile havadan g\u00f6r\u00fcnt\u00fclendi. Yang\u0131n nedeniyle k\u00f6ydeki bir \u00e7ok evde hasar oldu\u011fu g\u00f6r\u00fcld\u00fc. Ormanl\u0131k alanlardan ise geriye k\u00fcle d\u00f6nm\u00fc\u015f a\u011fa\u00e7lar kald\u0131. \u00c7evre, \u015eehircilik ve \u0130klim De\u011fi\u015fikli\u011fi \u0130l M\u00fcd\u00fcrl\u00fc\u011f\u00fc taraf\u0131ndan yap\u0131lan hasar tespit \u00e7al\u0131\u015fmalar\u0131nda ise Ketenlik k\u00f6y\u00fcnde 4 ah\u0131r, 5 evin zarar g\u00f6rd\u00fc\u011f\u00fc, 17 k\u00fc\u00e7\u00fck ve b\u00fcy\u00fckba\u015f hayvan\u0131n telef oldu\u011fu tespit edildi.<br \/><\/p>\n","protected":false},"excerpt":{"rendered":"<p>U\u015fak\u2019ta d\u00fcn \u00f6\u011fle saatlerinde ba\u015flay\u0131p gece boyu devam eden orman yang\u0131n\u0131na karadan m\u00fcdahalelere gece boyu devam ederken, g\u00fcn\u00fcn a\u011farmas\u0131yla havadan m\u00fcdahalede ba\u015flad\u0131. Yang\u0131n\u0131n olu\u015fturdu\u011fu tahribat drone ile havadan g\u00f6r\u00fcnt\u00fclendi. U\u015fak\u2019\u0131n Sivasl\u0131 il\u00e7esine ba\u011fl\u0131 Ketenlik K\u00f6y\u00fcnde d\u00fcn \u00f6\u011fle saatlerinde orman yang\u0131n\u0131 ba\u015flad\u0131. Ekiplerin havadan ve karadan m\u00fcdahalesine ra\u011fmen b\u00f6lgedeki \u015fiddetli r\u00fczgar sebebiyle alevler kontrol alt\u0131na al\u0131namad\u0131&#8230;.<\/p>\n","protected":false},"author":1,"featured_media":44884,"comment_status":"open","ping_status":"open","sticky":false,"template":"","format":"standard","meta":{"_crdt_document":"","footnotes":""},"categories":[5],"tags":[],"class_list":["post-44883","post","type-post","status-publish","format-standard","has-post-thumbnail","hentry","category-asayis"],"_links":{"self":[{"href":"https:\/\/www.egemtv.com\/index.php?rest_route=\/wp\/v2\/posts\/44883","targetHints":{"allow":["GET"]}}],"collection":[{"href":"https:\/\/www.egemtv.com\/index.php?rest_route=\/wp\/v2\/posts"}],"about":[{"href":"https:\/\/www.egemtv.com\/index.php?rest_route=\/wp\/v2\/types\/post"}],"author":[{"embeddable":true,"href":"https:\/\/www.egemtv.com\/index.php?rest_route=\/wp\/v2\/users\/1"}],"replies":[{"embeddable":true,"href":"https:\/\/www.egemtv.com\/index.php?rest_route=%2Fwp%2Fv2%2Fcomments&post=44883"}],"version-history":[{"count":1,"href":"https:\/\/www.egemtv.com\/index.php?rest_route=\/wp\/v2\/posts\/44883\/revisions"}],"predecessor-version":[{"id":44885,"href":"https:\/\/www.egemtv.com\/index.php?rest_route=\/wp\/v2\/posts\/44883\/revisions\/44885"}],"wp:featuredmedia":[{"embeddable":true,"href":"https:\/\/www.egemtv.com\/index.php?rest_route=\/wp\/v2\/media\/44884"}],"wp:attachment":[{"href":"https:\/\/www.egemtv.com\/index.php?rest_route=%2Fwp%2Fv2%2Fmedia&parent=44883"}],"wp:term":[{"taxonomy":"category","embeddable":true,"href":"https:\/\/www.egemtv.com\/index.php?rest_route=%2Fwp%2Fv2%2Fcategories&post=44883"},{"taxonomy":"post_tag","embeddable":true,"href":"https:\/\/www.egemtv.com\/index.php?rest_route=%2Fwp%2Fv2%2Ftags&post=44883"}],"curies":[{"name":"wp","href":"https:\/\/api.w.org\/{rel}","templated":true}]}}