{"id":44880,"date":"2025-07-27T11:55:41","date_gmt":"2025-07-27T08:55:41","guid":{"rendered":"https:\/\/www.egemtv.com\/?p=44880"},"modified":"2025-07-27T11:55:42","modified_gmt":"2025-07-27T08:55:42","slug":"denizli-sanayi-odasi-dunya-sahnesinde-finalde","status":"publish","type":"post","link":"https:\/\/www.egemtv.com\/?p=44880","title":{"rendered":"Denizli Sanayi Odas\u0131 d\u00fcnya sahnesinde finalde"},"content":{"rendered":"<p>2025 D\u00fcnya Odalar Yar\u0131\u015fmas\u0131\u2019nda 41 \u00fclkeden 83 proje aras\u0131nda \u00f6ne \u00e7\u0131kan Denizli Sanayi Odas\u0131, &#8220;En \u0130yi Ye\u015fil D\u00f6n\u00fc\u015f\u00fcm Projesi&#8221; kategorisinde finalist oldu. Denizli\u2019nin s\u00fcrd\u00fcr\u00fclebilirlik vizyonunun \u00f6nemli bir \u00e7\u0131kt\u0131s\u0131 olan &#8220;Denizli\u2019nin Gelece\u011fi Temiz \u00dcretimde&#8221; Projesi hakk\u0131nda konu\u015fan DSO Ba\u015fkan\u0131 Selim Kasapo\u011flu, &#8220;\u00dcretimin merkezinde s\u00fcrd\u00fcr\u00fclebilirli\u011fi konumland\u0131ran ve temiz \u00fcretim vizyonuyla \u015fekillenen bu projenin, uluslararas\u0131 d\u00fczeyde takdir g\u00f6rerek finale y\u00fckselmesi bizim i\u00e7in b\u00fcy\u00fck bir onur. Sanayimizin gelece\u011fine y\u00f6n veren bu t\u00fcr \u00e7al\u0131\u015fmalar hem ilham kayna\u011f\u0131 oluyor hem de bizi daha iyisini yapma konusunda motive ediyor&#8221; dedi.<\/p>\n<p>K\u00fcresel sorunlara y\u00f6nelik somut fikirlerin payla\u015f\u0131lmas\u0131 ve yeni d\u00fc\u015f\u00fcncelerin ilham vermesi amac\u0131yla, Milletleraras\u0131 Ticaret Odas\u0131 (ICC), D\u00fcnya Odalar Federasyonu (WCF) ve Victoria Ticaret ve Sanayi Odas\u0131 (VCCI) i\u015f birli\u011fiyle d\u00fczenlenen 2025 D\u00fcnya Odalar Yar\u0131\u015fmas\u0131\u2019na Denizli Sanayi Oodas\u0131 (DSO), &#8220;Denizli\u2019nin Gelece\u011fi Temiz \u00dcretimde&#8221; Projesi ile ba\u015fvuruda bulundu. Yar\u0131\u015fmaya 41 farkl\u0131 \u00fclkeden toplam 83 proje kat\u0131l\u0131rken, DSO\u2019nun Projesi &#8220;Best Green Transition Project \/ En \u0130yi Ye\u015fil D\u00f6n\u00fc\u015f\u00fcm Projesi&#8221; kategorisinde 4 finalistten biri olmaya hak kazand\u0131. B\u00f6ylece DSO, 2-4 Eyl\u00fcl 2025 tarihlerinde Avustralya\u2019n\u0131n Melbourne \u015fehrinde d\u00fczenlenecek olan 14. D\u00fcnya Odalar Kongresi\u2019nde j\u00fcri kar\u015f\u0131s\u0131na \u00e7\u0131kma f\u0131rsat\u0131n\u0131 elde etti. Kazanan proje ise kongre kapsam\u0131nda 4 Eyl\u00fcl\u2019de ger\u00e7ekle\u015fecek Gala Yeme\u011fi\u2019nde a\u00e7\u0131klanacak.<br \/>\n<br \/>2003\u2019ten bug\u00fcne yenilik\u00e7i projelerin sahnesi<br \/>\n<br \/>D\u00fcnya Odalar Kongreleri kapsam\u0131nda 2003 y\u0131l\u0131ndan bu yana d\u00fczenlenen D\u00fcnya Odalar Yar\u0131\u015fmas\u0131, t\u00fcm d\u00fcnyadaki ticaret ve sanayi odalar\u0131 taraf\u0131ndan geli\u015ftirilen yenilik\u00e7i projelerin yar\u0131\u015ft\u0131\u011f\u0131 ilk ve tek platform niteli\u011fi ta\u015f\u0131yor. 14. D\u00fcnya Odalar Kongresi kapsam\u0131nda d\u00fczenlenecek olan 2025 y\u0131l\u0131 D\u00fcnya Odalar Yar\u0131\u015fmas\u0131nda; En \u0130yi \u0130novasyon Projesi, En \u0130yi Ye\u015fil D\u00f6n\u00fc\u015f\u00fcm Projesi, Odalar, \u0130\u015f D\u00fcnyas\u0131 ve H\u00fck\u00fcmet Aras\u0131nda En \u0130yi \u0130\u015f Birli\u011fi Projesi, En  S\u0131rad\u0131\u015f\u0131 Proje, En \u0130yi \u00c7e\u015fitlilik ve Kapsay\u0131c\u0131l\u0131k Projesi olmak \u00fczere be\u015f farkl\u0131 kategori yer al\u0131yor.<br \/>\n<br \/>K\u00fcresel i\u015f birli\u011fi k\u00f6pr\u00fcleri Melbourne\u2019da kurulacak<br \/>\n<br \/>14. D\u00fcnya Odalar Kongresi, i\u015f d\u00fcnyas\u0131 liderleri, oda temsilcileri ve politika yap\u0131c\u0131lar\u0131n bir araya geldi\u011fi, k\u00fcresel \u00f6l\u00e7ekte prestijli bir platform olma \u00f6zelli\u011fi ta\u015f\u0131yor. Projenin Melbourne\u2019daki bu kongrede sunulmas\u0131, Denizli\u2019nin s\u00fcrd\u00fcr\u00fclebilirlik alan\u0131ndaki ve sanayi d\u00f6n\u00fc\u015f\u00fcm\u00fcndeki rol\u00fcn\u00fc uluslararas\u0131 vitrine ta\u015f\u0131yacak. 100\u2019\u00fc a\u015fk\u0131n \u00fclkeden bin 500 delegenin kat\u0131l\u0131m\u0131yla ger\u00e7ekle\u015fmesi beklenen bu y\u0131lki etkinli\u011fin temas\u0131: &#8220;\u0130\u015f D\u00fcnyas\u0131, Odalar, H\u00fck\u00fcmetler: Refah Olu\u015fturan Payda\u015flar&#8221;. Bu \u00f6nemli ICC organizasyonu, ekonomik akt\u00f6rleri, i\u015f d\u00fcnyas\u0131 liderlerini ve politika yap\u0131c\u0131lar\u0131 anlaml\u0131 diyalog ve stratejik i\u015f birli\u011fi yoluyla de\u011fi\u015fimi te\u015fvik etmek amac\u0131yla bir araya getiriyor.<br \/>\n<br \/>&#8220;Denizli\u2019nin Gelece\u011fi Temiz \u00dcretimde&#8221; Projesi Hakk\u0131nda<br \/>\n<br \/>2023 y\u0131l\u0131nda T.C. Sanayi ve Teknoloji Bakanl\u0131\u011f\u0131 Kalk\u0131nma Ajanslar\u0131 Genel M\u00fcd\u00fcrl\u00fc\u011f\u00fc, G\u00fcney Ege Kalk\u0131nma Ajans\u0131 (GEKA), T\u00dcB\u0130TAK Marmara Ara\u015ft\u0131rma Merkezi (MAM), Denizli B\u00fcy\u00fck\u015fehir Belediyesi, TMMOB Makine M\u00fchendisleri Odas\u0131 Denizli \u015eubesi ve D\u00fcnya Do\u011fay\u0131 Koruma Vakf\u0131 (WWF) i\u015f birli\u011fiyle hayata ge\u00e7irilen ve \u00dcreten \u015eehirler Program\u0131 kapsam\u0131nda desteklenen \u2018Denizli\u2019nin Gelece\u011fi Temiz \u00dcretimde Projesi\u2019 ile tekstil bask\u0131, boya, terbiye sekt\u00f6r\u00fcm\u00fcz mercek alt\u0131na al\u0131nd\u0131. Proje kapsam\u0131nda, TUB\u0130TAK-MAM kanal\u0131yla Denizli tekstil ve haz\u0131r giyim sekt\u00f6r\u00fcnde boya-terbiye alan\u0131nda faaliyet g\u00f6steren 40 i\u015fletmede enerji, su, kimyasal ve hammadde verimlili\u011fine y\u00f6nelik et\u00fctler ger\u00e7ekle\u015ftirildi. Her i\u015fletme \u00f6zelinde kaynak verimlili\u011fine y\u00f6nelik fizibilite raporlar\u0131 olu\u015fturuldu. 40 i\u015fletmenin tamam\u0131n\u0131n konsolide verileri ele al\u0131narak boya-terbiye sekt\u00f6r\u00fc i\u00e7in k\u0131lavuz niteli\u011findeki bir konsolide rapor haz\u0131rland\u0131. Ayr\u0131ca 18 ayl\u0131k proje s\u00fcresince firmalara teorik ve uygulamal\u0131 e\u011fitimler verildi, saha \u00e7al\u0131\u015fmalar\u0131 y\u00fcr\u00fct\u00fcld\u00fc, sahada birebir dan\u0131\u015fmanl\u0131k hizmetleri verildi.<br \/>\n<br \/>&#8220;\u00c7al\u0131\u015fman\u0131n boyahanelerimizin y\u00fczde 90\u2019\u0131ndan fazlas\u0131n\u0131 kapsar nitelikte yap\u0131lmas\u0131 \u00e7ok \u00f6nemli&#8221;<br \/>\n<br \/>DSO Y\u00f6netim Kurulu Ba\u015fkan\u0131 Selim Kasapo\u011flu, projenin finale kalmas\u0131n\u0131 \u015fu s\u00f6zlerle de\u011ferlendirdi: &#8220;Tekstil boya-terbiye sekt\u00f6r\u00fcn\u00fcn kaynak verimlili\u011fi bak\u0131m\u0131ndan en net foto\u011fraf\u0131n\u0131n \u00e7ekildi\u011fi projede, b\u00fcy\u00fck bir ba\u015far\u0131ya imza at\u0131ld\u0131 diyebiliriz. \u00c7al\u0131\u015fman\u0131n boyahanelerimizin y\u00fczde 90\u2019\u0131ndan fazlas\u0131n\u0131 kapsar nitelikte yap\u0131lmas\u0131 \u00e7ok \u00f6nemli. Bunun Denizli ve T\u00fcrkiye a\u00e7\u0131s\u0131ndan bir ilk oldu\u011funu s\u00f6ylemek m\u00fcmk\u00fcn. Haz\u0131rlanan i\u015fletmeye \u00f6zel fizibilite raporlar\u0131 neticesinde yat\u0131r\u0131m ihtiya\u00e7lar\u0131 da belirlendi. Ayr\u0131ca, firmalar\u0131m\u0131z\u0131n, daha az su ve enerji t\u00fcketen makineler, \u00e7evre dostu sertifikal\u0131 kimyasallar kullanmaya \u00f6zen g\u00f6sterdi\u011fi, at\u0131k su ar\u0131tma tesislerine yat\u0131r\u0131m yapt\u0131\u011f\u0131 ve d\u00f6ng\u00fcsel ekonomi prensiplerini benimsedi\u011fi g\u00f6r\u00fcld\u00fc. Hem ulusal hem de uluslararas\u0131 d\u00fczeyde ilgi g\u00f6ren Projemiz, s\u00fcrd\u00fcr\u00fclebilir \u00fcretim konusunda fark\u0131ndal\u0131\u011f\u0131n artmas\u0131na ve sekt\u00f6r\u00fcn d\u00f6n\u00fc\u015f\u00fcm\u00fcne stratejik katk\u0131 sa\u011flad\u0131. \u00dcretimin merkezinde s\u00fcrd\u00fcr\u00fclebilirli\u011fi konumland\u0131ran ve temiz \u00fcretim vizyonuyla \u015fekillenen bu projenin, uluslararas\u0131 d\u00fczeyde takdir g\u00f6rerek finale y\u00fckselmesi bizim i\u00e7in b\u00fcy\u00fck bir onur. Sanayimizin gelece\u011fine y\u00f6n veren bu t\u00fcr \u00e7al\u0131\u015fmalar hem ilham kayna\u011f\u0131 oluyor hem de bizi daha iyisini yapma konusunda motive ediyor. Projemize destek veren t\u00fcm payda\u015f kurumlar\u0131m\u0131za, sanayicilerimize, eme\u011fi ge\u00e7en proje ekibimize ve de\u011ferli j\u00fcriye te\u015fekk\u00fcr ediyorum.&#8221;<br \/><\/p>\n","protected":false},"excerpt":{"rendered":"<p>2025 D\u00fcnya Odalar Yar\u0131\u015fmas\u0131\u2019nda 41 \u00fclkeden 83 proje aras\u0131nda \u00f6ne \u00e7\u0131kan Denizli Sanayi Odas\u0131, &#8220;En \u0130yi Ye\u015fil D\u00f6n\u00fc\u015f\u00fcm Projesi&#8221; kategorisinde finalist oldu. Denizli\u2019nin s\u00fcrd\u00fcr\u00fclebilirlik vizyonunun \u00f6nemli bir \u00e7\u0131kt\u0131s\u0131 olan &#8220;Denizli\u2019nin Gelece\u011fi Temiz \u00dcretimde&#8221; Projesi hakk\u0131nda konu\u015fan DSO Ba\u015fkan\u0131 Selim Kasapo\u011flu, &#8220;\u00dcretimin merkezinde s\u00fcrd\u00fcr\u00fclebilirli\u011fi konumland\u0131ran ve temiz \u00fcretim vizyonuyla \u015fekillenen bu projenin, uluslararas\u0131 d\u00fczeyde takdir g\u00f6rerek&#8230;<\/p>\n","protected":false},"author":1,"featured_media":44881,"comment_status":"open","ping_status":"open","sticky":false,"template":"","format":"standard","meta":{"_crdt_document":"","footnotes":""},"categories":[125],"tags":[],"class_list":["post-44880","post","type-post","status-publish","format-standard","has-post-thumbnail","hentry","category-ekonomi"],"_links":{"self":[{"href":"https:\/\/www.egemtv.com\/index.php?rest_route=\/wp\/v2\/posts\/44880","targetHints":{"allow":["GET"]}}],"collection":[{"href":"https:\/\/www.egemtv.com\/index.php?rest_route=\/wp\/v2\/posts"}],"about":[{"href":"https:\/\/www.egemtv.com\/index.php?rest_route=\/wp\/v2\/types\/post"}],"author":[{"embeddable":true,"href":"https:\/\/www.egemtv.com\/index.php?rest_route=\/wp\/v2\/users\/1"}],"replies":[{"embeddable":true,"href":"https:\/\/www.egemtv.com\/index.php?rest_route=%2Fwp%2Fv2%2Fcomments&post=44880"}],"version-history":[{"count":1,"href":"https:\/\/www.egemtv.com\/index.php?rest_route=\/wp\/v2\/posts\/44880\/revisions"}],"predecessor-version":[{"id":44882,"href":"https:\/\/www.egemtv.com\/index.php?rest_route=\/wp\/v2\/posts\/44880\/revisions\/44882"}],"wp:featuredmedia":[{"embeddable":true,"href":"https:\/\/www.egemtv.com\/index.php?rest_route=\/wp\/v2\/media\/44881"}],"wp:attachment":[{"href":"https:\/\/www.egemtv.com\/index.php?rest_route=%2Fwp%2Fv2%2Fmedia&parent=44880"}],"wp:term":[{"taxonomy":"category","embeddable":true,"href":"https:\/\/www.egemtv.com\/index.php?rest_route=%2Fwp%2Fv2%2Fcategories&post=44880"},{"taxonomy":"post_tag","embeddable":true,"href":"https:\/\/www.egemtv.com\/index.php?rest_route=%2Fwp%2Fv2%2Ftags&post=44880"}],"curies":[{"name":"wp","href":"https:\/\/api.w.org\/{rel}","templated":true}]}}