{"id":44877,"date":"2025-07-27T11:55:40","date_gmt":"2025-07-27T08:55:40","guid":{"rendered":"https:\/\/www.egemtv.com\/?p=44877"},"modified":"2025-07-27T11:55:41","modified_gmt":"2025-07-27T08:55:41","slug":"bodrumda-turistler-isyan-etti-turistler-resepsiyonu-basti-tatil-yapmak-yerine-eylem-yapti","status":"publish","type":"post","link":"https:\/\/www.egemtv.com\/?p=44877","title":{"rendered":"Bodrum\u2019da turistler isyan etti: &#8220;Turistler resepsiyonu bast\u0131, tatil yapmak yerine eylem yapt\u0131&#8221;"},"content":{"rendered":"<p>Mu\u011fla\u2019n\u0131n Bodrum il\u00e7esine ba\u011fl\u0131 Akyarlar Mahallesi\u2019nde bir otelde konaklayan yerli ve yabanc\u0131 turistler, tesisin bak\u0131ms\u0131zl\u0131\u011f\u0131na ve ya\u015fanan uzun s\u00fcreli elektrik kesintisine tepki g\u00f6stererek otel \u00f6n\u00fcnde eylem yapt\u0131. Resepsiyonu basan kalabal\u0131k, yakla\u015f\u0131k 2 saat boyunca slogan atarak seslerini duyurmaya \u00e7al\u0131\u015ft\u0131.<br \/>\n<br \/>Tatil i\u00e7in otele gelen turistler, tesisin hijyen \u015fartlar\u0131ndan teknik donan\u0131m\u0131na kadar bir\u00e7ok konuda yetersiz oldu\u011funu iddia etti. Elektriklerin kesilmesiyle birlikte klima ve ayd\u0131nlatmalar\u0131n \u00e7al\u0131\u015fmamas\u0131, otel m\u00fc\u015fterilerinin sabr\u0131n\u0131 ta\u015f\u0131rd\u0131. Resepsiyona y\u00fcr\u00fcyen onlarca turist, otel y\u00f6netimiyle g\u00f6r\u00fc\u015fmek istedi ancak yetkililere bir t\u00fcrl\u00fc ula\u015f\u0131lamad\u0131.<br \/>\n<br \/>Eylem s\u0131ras\u0131nda otel \u00f6n\u00fcnde zaman zaman gergin anlar ya\u015fan\u0131rken, baz\u0131 tatilciler \u00e7ocuklar\u0131yla birlikte otel odalar\u0131na d\u00f6nmek yerine havuz ba\u015f\u0131nda geceyi ge\u00e7irmeyi tercih etti.<br \/>\n<br \/>Ya\u015fanan ma\u011fduriyetin ard\u0131ndan y\u00fczlerce ailenin otelden ayr\u0131lmak istedi\u011fi \u00f6\u011frenilirken, baz\u0131 turistlerin de konaklamalar\u0131n\u0131 yar\u0131da keserek Bodrum\u2019dan erken ayr\u0131ld\u0131\u011f\u0131 belirtildi. Olayla ilgili yetkililerden herhangi bir a\u00e7\u0131klama yap\u0131lmad\u0131.<br \/><\/p>\n","protected":false},"excerpt":{"rendered":"<p>Mu\u011fla\u2019n\u0131n Bodrum il\u00e7esine ba\u011fl\u0131 Akyarlar Mahallesi\u2019nde bir otelde konaklayan yerli ve yabanc\u0131 turistler, tesisin bak\u0131ms\u0131zl\u0131\u011f\u0131na ve ya\u015fanan uzun s\u00fcreli elektrik kesintisine tepki g\u00f6stererek otel \u00f6n\u00fcnde eylem yapt\u0131. Resepsiyonu basan kalabal\u0131k, yakla\u015f\u0131k 2 saat boyunca slogan atarak seslerini duyurmaya \u00e7al\u0131\u015ft\u0131. Tatil i\u00e7in otele gelen turistler, tesisin hijyen \u015fartlar\u0131ndan teknik donan\u0131m\u0131na kadar bir\u00e7ok konuda yetersiz oldu\u011funu iddia&#8230;<\/p>\n","protected":false},"author":1,"featured_media":44878,"comment_status":"open","ping_status":"open","sticky":false,"template":"","format":"standard","meta":{"_crdt_document":"","footnotes":""},"categories":[5],"tags":[],"class_list":["post-44877","post","type-post","status-publish","format-standard","has-post-thumbnail","hentry","category-asayis"],"_links":{"self":[{"href":"https:\/\/www.egemtv.com\/index.php?rest_route=\/wp\/v2\/posts\/44877","targetHints":{"allow":["GET"]}}],"collection":[{"href":"https:\/\/www.egemtv.com\/index.php?rest_route=\/wp\/v2\/posts"}],"about":[{"href":"https:\/\/www.egemtv.com\/index.php?rest_route=\/wp\/v2\/types\/post"}],"author":[{"embeddable":true,"href":"https:\/\/www.egemtv.com\/index.php?rest_route=\/wp\/v2\/users\/1"}],"replies":[{"embeddable":true,"href":"https:\/\/www.egemtv.com\/index.php?rest_route=%2Fwp%2Fv2%2Fcomments&post=44877"}],"version-history":[{"count":1,"href":"https:\/\/www.egemtv.com\/index.php?rest_route=\/wp\/v2\/posts\/44877\/revisions"}],"predecessor-version":[{"id":44879,"href":"https:\/\/www.egemtv.com\/index.php?rest_route=\/wp\/v2\/posts\/44877\/revisions\/44879"}],"wp:featuredmedia":[{"embeddable":true,"href":"https:\/\/www.egemtv.com\/index.php?rest_route=\/wp\/v2\/media\/44878"}],"wp:attachment":[{"href":"https:\/\/www.egemtv.com\/index.php?rest_route=%2Fwp%2Fv2%2Fmedia&parent=44877"}],"wp:term":[{"taxonomy":"category","embeddable":true,"href":"https:\/\/www.egemtv.com\/index.php?rest_route=%2Fwp%2Fv2%2Fcategories&post=44877"},{"taxonomy":"post_tag","embeddable":true,"href":"https:\/\/www.egemtv.com\/index.php?rest_route=%2Fwp%2Fv2%2Ftags&post=44877"}],"curies":[{"name":"wp","href":"https:\/\/api.w.org\/{rel}","templated":true}]}}