{"id":44874,"date":"2025-07-27T11:36:28","date_gmt":"2025-07-27T08:36:28","guid":{"rendered":"https:\/\/www.egemtv.com\/?p=44874"},"modified":"2025-07-27T11:36:28","modified_gmt":"2025-07-27T08:36:28","slug":"jandarmadan-baraj-ve-ormanlik-alanda-dron-destekli-denetim","status":"publish","type":"post","link":"https:\/\/www.egemtv.com\/?p=44874","title":{"rendered":"Jandarmadan baraj ve ormanl\u0131k alanda dron destekli denetim"},"content":{"rendered":"<p>Ayd\u0131n\u2019\u0131n Karacasu il\u00e7esi G\u00fczelk\u00f6y Mahallesi\u2019nde bulunan Dandalaz Baraj\u0131 \u00e7evresinde bo\u011fulma olaylar\u0131n\u0131n \u00f6n\u00fcne ge\u00e7ilmesi ve orman yang\u0131nlar\u0131n\u0131n engellenmesi amac\u0131yla Karacasu \u0130l\u00e7e Jandarma Komutanl\u0131\u011f\u0131 ekipleri taraf\u0131ndan denetim ger\u00e7ekle\u015ftirildi.<\/p>\n<p>Dron destekli yap\u0131lan kontrollerde hem baraj \u00e7evresi hem de ormanl\u0131k ve mesire alanlar\u0131 tarand\u0131. Ekipler, b\u00f6lgede bulunan vatanda\u015flara suya girmenin tehlikeleri ve orman yang\u0131nlar\u0131na kar\u015f\u0131 al\u0131nmas\u0131 gereken tedbirler hakk\u0131nda bilgilendirme yaparak uyar\u0131larda bulundu. Vatanda\u015flar\u0131n can ve mal g\u00fcvenli\u011fini sa\u011flamak amac\u0131yla jandarma ekiplerinin bu t\u00fcr \u00f6nleyici denetimlerine aral\u0131ks\u0131z devam edilece\u011fi bildirildi.<br \/><\/p>\n","protected":false},"excerpt":{"rendered":"<p>Ayd\u0131n\u2019\u0131n Karacasu il\u00e7esi G\u00fczelk\u00f6y Mahallesi\u2019nde bulunan Dandalaz Baraj\u0131 \u00e7evresinde bo\u011fulma olaylar\u0131n\u0131n \u00f6n\u00fcne ge\u00e7ilmesi ve orman yang\u0131nlar\u0131n\u0131n engellenmesi amac\u0131yla Karacasu \u0130l\u00e7e Jandarma Komutanl\u0131\u011f\u0131 ekipleri taraf\u0131ndan denetim ger\u00e7ekle\u015ftirildi. Dron destekli yap\u0131lan kontrollerde hem baraj \u00e7evresi hem de ormanl\u0131k ve mesire alanlar\u0131 tarand\u0131. Ekipler, b\u00f6lgede bulunan vatanda\u015flara suya girmenin tehlikeleri ve orman yang\u0131nlar\u0131na kar\u015f\u0131 al\u0131nmas\u0131 gereken tedbirler hakk\u0131nda&#8230;<\/p>\n","protected":false},"author":1,"featured_media":44875,"comment_status":"open","ping_status":"open","sticky":false,"template":"","format":"standard","meta":{"_crdt_document":"","footnotes":""},"categories":[1],"tags":[],"class_list":["post-44874","post","type-post","status-publish","format-standard","has-post-thumbnail","hentry","category-guncel"],"_links":{"self":[{"href":"https:\/\/www.egemtv.com\/index.php?rest_route=\/wp\/v2\/posts\/44874","targetHints":{"allow":["GET"]}}],"collection":[{"href":"https:\/\/www.egemtv.com\/index.php?rest_route=\/wp\/v2\/posts"}],"about":[{"href":"https:\/\/www.egemtv.com\/index.php?rest_route=\/wp\/v2\/types\/post"}],"author":[{"embeddable":true,"href":"https:\/\/www.egemtv.com\/index.php?rest_route=\/wp\/v2\/users\/1"}],"replies":[{"embeddable":true,"href":"https:\/\/www.egemtv.com\/index.php?rest_route=%2Fwp%2Fv2%2Fcomments&post=44874"}],"version-history":[{"count":1,"href":"https:\/\/www.egemtv.com\/index.php?rest_route=\/wp\/v2\/posts\/44874\/revisions"}],"predecessor-version":[{"id":44876,"href":"https:\/\/www.egemtv.com\/index.php?rest_route=\/wp\/v2\/posts\/44874\/revisions\/44876"}],"wp:featuredmedia":[{"embeddable":true,"href":"https:\/\/www.egemtv.com\/index.php?rest_route=\/wp\/v2\/media\/44875"}],"wp:attachment":[{"href":"https:\/\/www.egemtv.com\/index.php?rest_route=%2Fwp%2Fv2%2Fmedia&parent=44874"}],"wp:term":[{"taxonomy":"category","embeddable":true,"href":"https:\/\/www.egemtv.com\/index.php?rest_route=%2Fwp%2Fv2%2Fcategories&post=44874"},{"taxonomy":"post_tag","embeddable":true,"href":"https:\/\/www.egemtv.com\/index.php?rest_route=%2Fwp%2Fv2%2Ftags&post=44874"}],"curies":[{"name":"wp","href":"https:\/\/api.w.org\/{rel}","templated":true}]}}