{"id":44871,"date":"2025-07-27T11:36:26","date_gmt":"2025-07-27T08:36:26","guid":{"rendered":"https:\/\/www.egemtv.com\/?p=44871"},"modified":"2025-07-27T11:36:28","modified_gmt":"2025-07-27T08:36:28","slug":"denizli-buyuksehir-belediyesi-sporcularin-ailelerini-sahaya-almadi","status":"publish","type":"post","link":"https:\/\/www.egemtv.com\/?p=44871","title":{"rendered":"Denizli B\u00fcy\u00fck\u015fehir Belediyesi sporcular\u0131n ailelerini sahaya almad\u0131"},"content":{"rendered":"<p>Denizlispor\u2019un daha \u00f6nce Denizli B\u00fcy\u00fck\u015fehir Belediyesi ile ya\u015fad\u0131\u011f\u0131 sorunlara bir yenisini daha eklendi. \u00c7ocuklar\u0131n\u0131n antrenman program\u0131n\u0131 izlemek i\u00e7in sahaya gelen aileler g\u00fcvenlikler taraf\u0131ndan a\u00e7\u0131k alan olmas\u0131na ra\u011fmen i\u00e7eri al\u0131nmad\u0131. Sporcular\u0131n aileleri &#8220;B\u00fcy\u00fck\u015fehir Belediyesi\u2019nin ne yapmak istedi\u011fine bir anlam veremedik&#8221; diyerek tepki g\u00f6sterdi.<br \/>\n<br \/>Se\u00e7im \u00f6ncesi boynunda ye\u015fil-siyahl\u0131 atk\u0131yla Denizlispor\u2019un tekrar aya\u011fa kalkaca\u011f\u0131 s\u00f6z\u00fcn\u00fc veren Denizli B\u00fcy\u00fck\u015fehir Belediye Ba\u015fkan\u0131 B\u00fclent Nuri \u00c7avu\u015fo\u011flu\u2019nun deste\u011fi g\u00fcn ge\u00e7tik\u00e7e eksiliyor. \u0130lk \u00f6nce ia\u015fe sorunu daha sonra ise tesiste su sorunu ya\u015fayan Denizlispor, bu sefer de ailelerin izleme alan\u0131na al\u0131nmamas\u0131yla g\u00fcndeme geldi. Denizlispor U10-11 ve 12 altyap\u0131 sporcular\u0131 ailelerinin, Do\u011fan Demircio\u011flu Semt Sahas\u0131\u2019ndaki izleme alan\u0131na al\u0131nmamas\u0131na b\u00fcy\u00fck tepki geldi. \u00c7ocuklar\u0131n\u0131n antrenman program\u0131n\u0131 izlemek i\u00e7in sahaya gelen aileler g\u00fcvenlikler taraf\u0131ndan a\u00e7\u0131k alan olmas\u0131na ra\u011fmen i\u00e7eri al\u0131nmad\u0131.<\/p>\n<p>&#8220;B\u00fcy\u00fck\u015fehir Belediyesi\u2019nin ne yapmak istedi\u011fine bir anlam veremedik&#8221;<br \/>\n<br \/>&#8220;B\u00fcy\u00fck\u015fehir Belediyesi ne yapmak istiyor&#8221; diye tepki g\u00f6steren futbolcular\u0131n aileleri, &#8220;\u00c7ocuklar\u0131m\u0131z burada antrenman yap\u0131yor. Bizler de yanlar\u0131nda olmak i\u00e7in burada bulunuyoruz ama sahaya geldi\u011fimizde g\u00fcvenlikler bizleri i\u00e7eri almad\u0131. A\u00e7\u0131k alan ve i\u00e7eride kafeterya olmas\u0131na ra\u011fmen i\u00e7eri al\u0131nmamam\u0131z bizleri hem \u00fczd\u00fc hem \u015fa\u015f\u0131rtt\u0131. Kafeteryan\u0131z var i\u00e7eride dememize ra\u011fmen \u2019Hakl\u0131s\u0131n\u0131z ama alamay\u0131z\u2019 dediler. B\u00fcy\u00fck\u015fehir Belediyesi\u2019nin ne yapmak istedi\u011fine bir anlam veremedik&#8221; diyerek tepki g\u00f6sterdiler.<br \/><\/p>\n","protected":false},"excerpt":{"rendered":"<p>Denizlispor\u2019un daha \u00f6nce Denizli B\u00fcy\u00fck\u015fehir Belediyesi ile ya\u015fad\u0131\u011f\u0131 sorunlara bir yenisini daha eklendi. \u00c7ocuklar\u0131n\u0131n antrenman program\u0131n\u0131 izlemek i\u00e7in sahaya gelen aileler g\u00fcvenlikler taraf\u0131ndan a\u00e7\u0131k alan olmas\u0131na ra\u011fmen i\u00e7eri al\u0131nmad\u0131. Sporcular\u0131n aileleri &#8220;B\u00fcy\u00fck\u015fehir Belediyesi\u2019nin ne yapmak istedi\u011fine bir anlam veremedik&#8221; diyerek tepki g\u00f6sterdi. Se\u00e7im \u00f6ncesi boynunda ye\u015fil-siyahl\u0131 atk\u0131yla Denizlispor\u2019un tekrar aya\u011fa kalkaca\u011f\u0131 s\u00f6z\u00fcn\u00fc veren Denizli B\u00fcy\u00fck\u015fehir&#8230;<\/p>\n","protected":false},"author":1,"featured_media":44872,"comment_status":"open","ping_status":"open","sticky":false,"template":"","format":"standard","meta":{"_crdt_document":"","footnotes":""},"categories":[4],"tags":[],"class_list":["post-44871","post","type-post","status-publish","format-standard","has-post-thumbnail","hentry","category-spor"],"_links":{"self":[{"href":"https:\/\/www.egemtv.com\/index.php?rest_route=\/wp\/v2\/posts\/44871","targetHints":{"allow":["GET"]}}],"collection":[{"href":"https:\/\/www.egemtv.com\/index.php?rest_route=\/wp\/v2\/posts"}],"about":[{"href":"https:\/\/www.egemtv.com\/index.php?rest_route=\/wp\/v2\/types\/post"}],"author":[{"embeddable":true,"href":"https:\/\/www.egemtv.com\/index.php?rest_route=\/wp\/v2\/users\/1"}],"replies":[{"embeddable":true,"href":"https:\/\/www.egemtv.com\/index.php?rest_route=%2Fwp%2Fv2%2Fcomments&post=44871"}],"version-history":[{"count":1,"href":"https:\/\/www.egemtv.com\/index.php?rest_route=\/wp\/v2\/posts\/44871\/revisions"}],"predecessor-version":[{"id":44873,"href":"https:\/\/www.egemtv.com\/index.php?rest_route=\/wp\/v2\/posts\/44871\/revisions\/44873"}],"wp:featuredmedia":[{"embeddable":true,"href":"https:\/\/www.egemtv.com\/index.php?rest_route=\/wp\/v2\/media\/44872"}],"wp:attachment":[{"href":"https:\/\/www.egemtv.com\/index.php?rest_route=%2Fwp%2Fv2%2Fmedia&parent=44871"}],"wp:term":[{"taxonomy":"category","embeddable":true,"href":"https:\/\/www.egemtv.com\/index.php?rest_route=%2Fwp%2Fv2%2Fcategories&post=44871"},{"taxonomy":"post_tag","embeddable":true,"href":"https:\/\/www.egemtv.com\/index.php?rest_route=%2Fwp%2Fv2%2Ftags&post=44871"}],"curies":[{"name":"wp","href":"https:\/\/api.w.org\/{rel}","templated":true}]}}