{"id":44868,"date":"2025-07-27T11:36:25","date_gmt":"2025-07-27T08:36:25","guid":{"rendered":"https:\/\/www.egemtv.com\/?p=44868"},"modified":"2025-07-27T11:36:26","modified_gmt":"2025-07-27T08:36:26","slug":"gedizde-20-cocuk-sunnet-ettirildi","status":"publish","type":"post","link":"https:\/\/www.egemtv.com\/?p=44868","title":{"rendered":"Gediz\u2019de 20 \u00e7ocuk s\u00fcnnet ettirildi"},"content":{"rendered":"<p>K\u00fctahya\u2019n\u0131n Gediz il\u00e7esinde d\u00fczenlenen Geleneksel Gediz Tarhana Festivali etkinlikleri kapsam\u0131nda, Gediz A\u00e7\u0131k Hava Sahnesi\u2019nde anlaml\u0131 bir toplu s\u00fcnnet merasimi ger\u00e7ekle\u015ftirildi. Gediz Kaymakaml\u0131\u011f\u0131 ve Gediz Belediye Ba\u015fkanl\u0131\u011f\u0131 i\u015f birli\u011fiyle d\u00fczenlenen bu \u00f6zel g\u00fcnde, 20 \u00e7ocuk s\u00fcnnet olarak erkekli\u011fe ilk ad\u0131m\u0131 att\u0131.<br \/>\n<br \/>S\u00fcnnet i\u015flemleri, Gediz Devlet Hastanesi \u00dcroloji Uzman\u0131 Dr. Nurullah Karapazar taraf\u0131ndan titizlikle yap\u0131ld\u0131. S\u00fcnnet olan \u00e7ocuklar, \u00f6zel s\u00fcnnet k\u0131yafetlerini giyerek aileleriyle birlikte Park Orman Kafe\u2019de topland\u0131. Ard\u0131ndan d\u00fczenlenen konvoy ile Gediz A\u00e7\u0131k Hava Sahnesi\u2019ne ge\u00e7ildi.<br \/>\n<br \/>A\u00e7\u0131k Hava Sahnesi\u2019nde, \u0130l\u00e7e M\u00fcft\u00fcl\u00fc\u011f\u00fc Dini Musiki Korosu taraf\u0131ndan okunan Mevlid-i \u015eerif ve seslendirilen ilahilerle merasim manevi bir atmosferde ge\u00e7ti. Programa Gediz Kaymakam\u0131 Emrah Uzun, Gediz Belediye Ba\u015fkan\u0131 Necdet Akel, MHP \u0130l\u00e7e Ba\u015fkan\u0131 Fatih Ayd\u0131n, Belediye Ba\u015fkan Yard\u0131mc\u0131lar\u0131 Bayram Sar\u0131 ve Mehmet Paksoy, \u0130l Genel Meclis \u00dcyeleri, Belediye Meclis \u00dcyeleri, Gediz Madeni E\u015fya Tamirciler Odas\u0131 Ba\u015fkan\u0131 Ali Osman Sunar, Gediz Devlet Hastanesi Ba\u015fhekimi Dr. Halil Haner, \u00dcroloji Uzman\u0131 Dr. Nurullah Karapazar, MHP \u0130l\u00e7e Kad\u0131n Kollar\u0131 ve \u00e7ok say\u0131da aile kat\u0131ld\u0131.<br \/>\n<br \/>T\u00f6ren sonunda Kaymakam Emrah Uzun ve Belediye Ba\u015fkan\u0131 Necdet Akel; Ba\u015fhekim Dr. Halil Haner, \u00dcroloji Uzman\u0131 Dr. Nurullah Karapazar ve Demiray Is\u0131 Cihazlar\u0131 sahibi Halil Demiray\u2019a katk\u0131lar\u0131ndan dolay\u0131 te\u015fekk\u00fcrlerini sundu.<br \/>\n<br \/>Gediz Kaymakam\u0131 Emrah Uzun konu\u015fmas\u0131nda, &#8220;S\u00fcnnet \u00e7ocuklar\u0131m\u0131z\u0131n mutlu g\u00fcn\u00fcnde ailelerinin mutluluklar\u0131na ortak olmak i\u00e7in onlarla beraberiz. \u00c7ocuklar\u0131m\u0131za, ailelerimize hay\u0131rl\u0131 u\u011furlu olmas\u0131n\u0131 temenni ediyorum. G\u00fczel g\u00fcnler dile\u011finde bulunuyorum onlara. Eme\u011fi ge\u00e7en Belediye Ba\u015fkan\u0131na ve ekibine te\u015fekk\u00fcr ediyorum,&#8221; dedi.<br \/>\n<br \/>Gediz Belediye Ba\u015fkan\u0131 Necdet Akel ise konu\u015fmas\u0131na Eski\u015fehir\u2019de ya\u015fanan \u00fcz\u00fcc\u00fc orman yang\u0131n\u0131 haberine de\u011finerek ba\u015flad\u0131 ve &#8220;De\u011ferli hem\u015ferilerim \u00f6ncelikle Eski\u015fehir\u2019de ya\u015fanm\u0131\u015f olan \u00fcz\u00fcc\u00fc haberle sars\u0131ld\u0131k. Vefat eden ormanc\u0131lar\u0131m\u0131za Allah\u2019tan rahmet diliyorum. Yaral\u0131 olan ormanc\u0131lar\u0131m\u0131za da acil \u015fifalar diliyorum. Tarhana Festivalimizde 20 tane \u00e7ocu\u011fumuzun s\u00fcnnet ettirdik. Bu organizasyonda eme\u011fi ge\u00e7en herkese \u00e7ok te\u015fekk\u00fcr ederim. Rabbim \u00fclkemize bir daha b\u00f6yle afetler ya\u015fatmaz in\u015fallah&#8221; ifadelerini kulland\u0131.<br \/>\n<br \/>Konu\u015fmalar\u0131n ard\u0131ndan s\u00fcnnet olan \u00e7ocuklara, protokol \u00fcyeleri taraf\u0131ndan tak\u0131 merasimi d\u00fczenlendi. Toplu hat\u0131ra foto\u011fraf\u0131 \u00e7ekiminin ard\u0131ndan, davetlilere yemek ikram\u0131 yap\u0131ld\u0131 ve program sona erdi. Bu anlaml\u0131 etkinlik, Gediz Tarhana Festivali\u2019ne farkl\u0131 bir boyut kazand\u0131rd\u0131.<br \/><\/p>\n","protected":false},"excerpt":{"rendered":"<p>K\u00fctahya\u2019n\u0131n Gediz il\u00e7esinde d\u00fczenlenen Geleneksel Gediz Tarhana Festivali etkinlikleri kapsam\u0131nda, Gediz A\u00e7\u0131k Hava Sahnesi\u2019nde anlaml\u0131 bir toplu s\u00fcnnet merasimi ger\u00e7ekle\u015ftirildi. Gediz Kaymakaml\u0131\u011f\u0131 ve Gediz Belediye Ba\u015fkanl\u0131\u011f\u0131 i\u015f birli\u011fiyle d\u00fczenlenen bu \u00f6zel g\u00fcnde, 20 \u00e7ocuk s\u00fcnnet olarak erkekli\u011fe ilk ad\u0131m\u0131 att\u0131. S\u00fcnnet i\u015flemleri, Gediz Devlet Hastanesi \u00dcroloji Uzman\u0131 Dr. Nurullah Karapazar taraf\u0131ndan titizlikle yap\u0131ld\u0131. S\u00fcnnet olan&#8230;<\/p>\n","protected":false},"author":1,"featured_media":44869,"comment_status":"open","ping_status":"open","sticky":false,"template":"","format":"standard","meta":{"_crdt_document":"","footnotes":""},"categories":[123],"tags":[],"class_list":["post-44868","post","type-post","status-publish","format-standard","has-post-thumbnail","hentry","category-gundem"],"_links":{"self":[{"href":"https:\/\/www.egemtv.com\/index.php?rest_route=\/wp\/v2\/posts\/44868","targetHints":{"allow":["GET"]}}],"collection":[{"href":"https:\/\/www.egemtv.com\/index.php?rest_route=\/wp\/v2\/posts"}],"about":[{"href":"https:\/\/www.egemtv.com\/index.php?rest_route=\/wp\/v2\/types\/post"}],"author":[{"embeddable":true,"href":"https:\/\/www.egemtv.com\/index.php?rest_route=\/wp\/v2\/users\/1"}],"replies":[{"embeddable":true,"href":"https:\/\/www.egemtv.com\/index.php?rest_route=%2Fwp%2Fv2%2Fcomments&post=44868"}],"version-history":[{"count":1,"href":"https:\/\/www.egemtv.com\/index.php?rest_route=\/wp\/v2\/posts\/44868\/revisions"}],"predecessor-version":[{"id":44870,"href":"https:\/\/www.egemtv.com\/index.php?rest_route=\/wp\/v2\/posts\/44868\/revisions\/44870"}],"wp:featuredmedia":[{"embeddable":true,"href":"https:\/\/www.egemtv.com\/index.php?rest_route=\/wp\/v2\/media\/44869"}],"wp:attachment":[{"href":"https:\/\/www.egemtv.com\/index.php?rest_route=%2Fwp%2Fv2%2Fmedia&parent=44868"}],"wp:term":[{"taxonomy":"category","embeddable":true,"href":"https:\/\/www.egemtv.com\/index.php?rest_route=%2Fwp%2Fv2%2Fcategories&post=44868"},{"taxonomy":"post_tag","embeddable":true,"href":"https:\/\/www.egemtv.com\/index.php?rest_route=%2Fwp%2Fv2%2Ftags&post=44868"}],"curies":[{"name":"wp","href":"https:\/\/api.w.org\/{rel}","templated":true}]}}