{"id":44865,"date":"2025-07-27T10:56:20","date_gmt":"2025-07-27T07:56:20","guid":{"rendered":"https:\/\/www.egemtv.com\/?p=44865"},"modified":"2025-07-27T10:56:21","modified_gmt":"2025-07-27T07:56:21","slug":"koskte-jandarmadan-sok-trafik-uygulamasi","status":"publish","type":"post","link":"https:\/\/www.egemtv.com\/?p=44865","title":{"rendered":"K\u00f6\u015fk\u2019te jandarmadan \u015fok trafik uygulamas\u0131"},"content":{"rendered":"<p>Ayd\u0131n \u0130l Jandarma Komutanl\u0131\u011f\u0131 Trafik Jandarmas\u0131 ekipleri, trafik kazalar\u0131n\u0131n \u00f6n\u00fcne ge\u00e7mek ve kurallara uymayan s\u00fcr\u00fcc\u00fcleri tespit etmek amac\u0131yla K\u00f6\u015fk il\u00e7esi K\u00f6\u015fk-\u00d6demi\u015f-Ba\u015f\u00e7ay\u0131r Mahalle yolu \u00fczerinde \u015fok trafik uygulamas\u0131 ger\u00e7ekle\u015ftirdi.<\/p>\n<p>Edinilen bilgiye g\u00f6re, yap\u0131lan denetimlerde 109 ara\u00e7 ve 179 \u015fah\u0131s kontrol edildi. Uygulama kapsam\u0131nda s\u00fcr\u00fcc\u00fclerin evraklar\u0131 ve ara\u00e7lar\u0131n genel durumu incelenirken, trafik kurallar\u0131na uymayanlara gerekli i\u015flemler yap\u0131ld\u0131. Yetkililer, vatanda\u015flar\u0131n g\u00fcvenli bir \u015fekilde seyahat edebilmeleri amac\u0131yla bu t\u00fcr trafik denetimlerinin aral\u0131ks\u0131z olarak s\u00fcrd\u00fcr\u00fclece\u011fini belirtti.<br \/><\/p>\n","protected":false},"excerpt":{"rendered":"<p>Ayd\u0131n \u0130l Jandarma Komutanl\u0131\u011f\u0131 Trafik Jandarmas\u0131 ekipleri, trafik kazalar\u0131n\u0131n \u00f6n\u00fcne ge\u00e7mek ve kurallara uymayan s\u00fcr\u00fcc\u00fcleri tespit etmek amac\u0131yla K\u00f6\u015fk il\u00e7esi K\u00f6\u015fk-\u00d6demi\u015f-Ba\u015f\u00e7ay\u0131r Mahalle yolu \u00fczerinde \u015fok trafik uygulamas\u0131 ger\u00e7ekle\u015ftirdi. Edinilen bilgiye g\u00f6re, yap\u0131lan denetimlerde 109 ara\u00e7 ve 179 \u015fah\u0131s kontrol edildi. Uygulama kapsam\u0131nda s\u00fcr\u00fcc\u00fclerin evraklar\u0131 ve ara\u00e7lar\u0131n genel durumu incelenirken, trafik kurallar\u0131na uymayanlara gerekli i\u015flemler yap\u0131ld\u0131&#8230;.<\/p>\n","protected":false},"author":1,"featured_media":44866,"comment_status":"open","ping_status":"open","sticky":false,"template":"","format":"standard","meta":{"_crdt_document":"","footnotes":""},"categories":[5],"tags":[],"class_list":["post-44865","post","type-post","status-publish","format-standard","has-post-thumbnail","hentry","category-asayis"],"_links":{"self":[{"href":"https:\/\/www.egemtv.com\/index.php?rest_route=\/wp\/v2\/posts\/44865","targetHints":{"allow":["GET"]}}],"collection":[{"href":"https:\/\/www.egemtv.com\/index.php?rest_route=\/wp\/v2\/posts"}],"about":[{"href":"https:\/\/www.egemtv.com\/index.php?rest_route=\/wp\/v2\/types\/post"}],"author":[{"embeddable":true,"href":"https:\/\/www.egemtv.com\/index.php?rest_route=\/wp\/v2\/users\/1"}],"replies":[{"embeddable":true,"href":"https:\/\/www.egemtv.com\/index.php?rest_route=%2Fwp%2Fv2%2Fcomments&post=44865"}],"version-history":[{"count":1,"href":"https:\/\/www.egemtv.com\/index.php?rest_route=\/wp\/v2\/posts\/44865\/revisions"}],"predecessor-version":[{"id":44867,"href":"https:\/\/www.egemtv.com\/index.php?rest_route=\/wp\/v2\/posts\/44865\/revisions\/44867"}],"wp:featuredmedia":[{"embeddable":true,"href":"https:\/\/www.egemtv.com\/index.php?rest_route=\/wp\/v2\/media\/44866"}],"wp:attachment":[{"href":"https:\/\/www.egemtv.com\/index.php?rest_route=%2Fwp%2Fv2%2Fmedia&parent=44865"}],"wp:term":[{"taxonomy":"category","embeddable":true,"href":"https:\/\/www.egemtv.com\/index.php?rest_route=%2Fwp%2Fv2%2Fcategories&post=44865"},{"taxonomy":"post_tag","embeddable":true,"href":"https:\/\/www.egemtv.com\/index.php?rest_route=%2Fwp%2Fv2%2Ftags&post=44865"}],"curies":[{"name":"wp","href":"https:\/\/api.w.org\/{rel}","templated":true}]}}