{"id":44862,"date":"2025-07-27T10:56:19","date_gmt":"2025-07-27T07:56:19","guid":{"rendered":"https:\/\/www.egemtv.com\/?p=44862"},"modified":"2025-07-27T10:56:20","modified_gmt":"2025-07-27T07:56:20","slug":"ieuden-italyaya-tasarim-cikarmasi","status":"publish","type":"post","link":"https:\/\/www.egemtv.com\/?p=44862","title":{"rendered":"\u0130E\u00dc\u2019den \u0130talya\u2019ya \u2019tasar\u0131m\u2019 \u00e7\u0131karmas\u0131"},"content":{"rendered":"<p>\u0130zmir Ekonomi \u00dcniversitesi (\u0130E\u00dc) G\u00fczel Sanatlar ve Tasar\u0131m Fak\u00fcltesi, \u0130talya\u2019n\u0131n Matera kentinde d\u00fczenlenen \u2018Italian Design Agor 2025\u2019 etkinli\u011finde T\u00fcrkiye\u2019yi ba\u015far\u0131yla temsil etti. Tasar\u0131m ve sanat e\u011fitiminin uluslararas\u0131la\u015fmas\u0131na katk\u0131 sa\u011flamak amac\u0131yla ger\u00e7ekle\u015ftirilen etkinlik kapsam\u0131nda, \u0130zmir Ekonomi \u00dcniversitesi ile Istituto del Design-Matera aras\u0131nda akademik i\u015f birli\u011fini g\u00fc\u00e7lendirmeye y\u00f6nelik bir protokol de imzaland\u0131. Anla\u015fma ile iki kurum aras\u0131nda \u00f6\u011frenci ve akademisyen de\u011fi\u015fimi, ortak projeler ve k\u00fclt\u00fcrel etkinlikleri de kapsayan uzun vadeli bir i\u015f birli\u011fine gidildi<br \/>\n<br \/>\u0130talya\u2019n\u0131n \u00f6nde gelen y\u00fcksek\u00f6\u011fretim ve tasar\u0131m kurumlar\u0131ndan biri olan Matera Tasar\u0131m Enstit\u00fcs\u00fc (Istituto del Design-Matera) taraf\u0131ndan d\u00fczenlenen etkinli\u011fe \u0130zmir Ekonomi \u00dcniversitesi damga vurdu. \u0130zmir Ekonomi; a\u00e7\u0131k hava sergileri, tematik konferanslar ve panellerin ger\u00e7ekle\u015ftirildi\u011fi etkinli\u011fe akademisyenleri ve \u00f6\u011frencileriyle g\u00fc\u00e7l\u00fc bir kat\u0131l\u0131m g\u00f6sterdi. \u0130E\u00dc taraf\u0131ndan yap\u0131lan sunum ve konu\u015fmalar, konuklar taraf\u0131ndan b\u00fcy\u00fck ilgi g\u00f6rd\u00fc.<br \/>\n<br \/>\u0130\u015f birli\u011fi projesinin y\u00fcr\u00fct\u00fcc\u00fcl\u00fc\u011f\u00fcn\u00fc \u00fcstlenen \u0130E\u00dc Yabanc\u0131 Diller Y\u00fcksekokulu \u0130talyanca B\u00f6l\u00fcm\u00fc Akademik Koordinat\u00f6r\u00fc \u00d6\u011fr. G\u00f6r. Buket Kasal\u0131, etkinlikte yapt\u0131\u011f\u0131 sunumda, dilin k\u00fclt\u00fcrleraras\u0131 ileti\u015fim ve tasar\u0131m e\u011fitimi s\u00fcre\u00e7lerindeki rol\u00fcne odakland\u0131. Kasal\u0131, dilin yaln\u0131zca bir ileti\u015fim arac\u0131 de\u011fil; ayn\u0131 zamanda k\u00fclt\u00fcrel kodlara ve tasar\u0131m pratiklerine eri\u015fim sa\u011flayan stratejik bir unsur oldu\u011funu vurgulad\u0131. Kasal\u0131, \u00e7ok dilli yakla\u015f\u0131mlar\u0131n k\u00fcresel tasar\u0131m e\u011fitimine katt\u0131\u011f\u0131 de\u011ferin alt\u0131n\u0131 \u00e7izdi.<\/p>\n<p>\u2018Anlat\u0131lar Yoluyla Tasar\u0131m\u2019<br \/>\n<br \/>Dekan Yard\u0131mc\u0131s\u0131 Dr. \u00d6\u011fretim \u00dcyesi Ali Aslankan ise, \u0130E\u00dc\u2019deki y\u00fcksek lisans tasar\u0131m st\u00fcdyosunun ders \u00e7\u0131kt\u0131lar\u0131n\u0131 bir araya getirdi\u011fi \u2018Anlat\u0131lar Yoluyla Tasar\u0131m\u2019 ba\u015fl\u0131kl\u0131 bir sunum ger\u00e7ekle\u015ftirdi. Aslankan, \u00f6\u011frencilerin tasar\u0131m\u0131 anlaml\u0131 ve duyusal deneyimler olu\u015fturan bir anlat\u0131 arac\u0131 olarak konumland\u0131rd\u0131\u011f\u0131n\u0131 ifade etti.<\/p>\n<p>\u2019Yapay zeka vurgusu\u2019<br \/>\n<br \/>\u0130E\u00dc G\u00fczel Sanatlar ve Tasar\u0131m Fak\u00fcltesi Dekan\u0131 Prof. Dr. Ender Bulgun ise, sunumunda fak\u00fcltenin akademik vizyonunu ve uluslararas\u0131la\u015fma \u00e7al\u0131\u015fmalar\u0131n\u0131 payla\u015ft\u0131. Prof. Dr. Bulgun, fak\u00fcltenin uluslararas\u0131 a\u011flara kat\u0131l\u0131m\u0131, y\u00fcr\u00fct\u00fclen ortak projeler ve \u00f6\u011frenci-\u00f6\u011fretim \u00fcyesi hareketlili\u011fi gibi ba\u015fl\u0131klara da de\u011findi. Prof. Dr. Bulgun, tasar\u0131m e\u011fitimindeki g\u00fcncel e\u011filimler noktas\u0131nda ise disiplinleraras\u0131 \u00f6\u011frenme, dijital tasar\u0131m ara\u00e7lar\u0131n\u0131n entegrasyonu, yapay zeka destekli olu\u015fturma s\u00fcre\u00e7ler ve sosyal etki odakl\u0131 projelerin, art\u0131k e\u011fitimin temel bile\u015fenleri haline geldi\u011fine dikkat \u00e7ekti. Konu\u015fmas\u0131nda, fak\u00fcltenin son y\u0131llarda ger\u00e7ekle\u015ftirdi\u011fi ara\u015ft\u0131rma projeleri, tasar\u0131m tescilleri, komite \u00e7al\u0131\u015fmalar\u0131, ulusal ve uluslararas\u0131 organizasyonlardaki aktif rolleri ile b\u00fcy\u00fcyen etki alan\u0131na da yer veren Prof. Dr. Bulgun, uluslararas\u0131 akademik i\u015f birliklerinin bu geli\u015fimdeki kritik rol\u00fcn\u00fc vurgulad\u0131.<\/p>\n<p>\u00d6\u011frencilerin sunumlar\u0131 be\u011feni toplad\u0131<br \/>\n<br \/>\u0130E\u00dc G\u00f6rsel \u0130leti\u015fim Tasar\u0131m\u0131 ile \u0130\u00e7mimarl\u0131k ve \u00c7evre Tasar\u0131m\u0131 b\u00f6l\u00fcmlerinde \u00f6\u011frenim g\u00f6ren \u00f6\u011frenciler ise, Matera Tasar\u0131m Enstit\u00fcs\u00fc b\u00fcnyesinde ger\u00e7ekle\u015ftirilen sergi kurulum at\u00f6lyesi kapsam\u0131nda geli\u015ftirdikleri projeleri sundu. \u00d6\u011frencilerin olu\u015fturucu ve yenilik\u00e7i \u00e7al\u0131\u015fmalar\u0131, kat\u0131l\u0131mc\u0131lar\u0131ndan b\u00fcy\u00fck be\u011feni toplad\u0131. \u0130zmir Ekonomi \u00dcniversitesi, hem T\u00fcrkiye\u2019yi hem de T\u00fcrk tasar\u0131m e\u011fitimini ba\u015far\u0131yla temsil ederek, akademik diplomasi ve k\u00fclt\u00fcrel i\u015f birlikleri alan\u0131nda \u00f6nemli bir ad\u0131m att\u0131.<br \/><\/p>\n","protected":false},"excerpt":{"rendered":"<p>\u0130zmir Ekonomi \u00dcniversitesi (\u0130E\u00dc) G\u00fczel Sanatlar ve Tasar\u0131m Fak\u00fcltesi, \u0130talya\u2019n\u0131n Matera kentinde d\u00fczenlenen \u2018Italian Design Agor 2025\u2019 etkinli\u011finde T\u00fcrkiye\u2019yi ba\u015far\u0131yla temsil etti. Tasar\u0131m ve sanat e\u011fitiminin uluslararas\u0131la\u015fmas\u0131na katk\u0131 sa\u011flamak amac\u0131yla ger\u00e7ekle\u015ftirilen etkinlik kapsam\u0131nda, \u0130zmir Ekonomi \u00dcniversitesi ile Istituto del Design-Matera aras\u0131nda akademik i\u015f birli\u011fini g\u00fc\u00e7lendirmeye y\u00f6nelik bir protokol de imzaland\u0131. Anla\u015fma ile iki kurum aras\u0131nda&#8230;<\/p>\n","protected":false},"author":1,"featured_media":44863,"comment_status":"open","ping_status":"open","sticky":false,"template":"","format":"standard","meta":{"_crdt_document":"","footnotes":""},"categories":[1],"tags":[],"class_list":["post-44862","post","type-post","status-publish","format-standard","has-post-thumbnail","hentry","category-guncel"],"_links":{"self":[{"href":"https:\/\/www.egemtv.com\/index.php?rest_route=\/wp\/v2\/posts\/44862","targetHints":{"allow":["GET"]}}],"collection":[{"href":"https:\/\/www.egemtv.com\/index.php?rest_route=\/wp\/v2\/posts"}],"about":[{"href":"https:\/\/www.egemtv.com\/index.php?rest_route=\/wp\/v2\/types\/post"}],"author":[{"embeddable":true,"href":"https:\/\/www.egemtv.com\/index.php?rest_route=\/wp\/v2\/users\/1"}],"replies":[{"embeddable":true,"href":"https:\/\/www.egemtv.com\/index.php?rest_route=%2Fwp%2Fv2%2Fcomments&post=44862"}],"version-history":[{"count":1,"href":"https:\/\/www.egemtv.com\/index.php?rest_route=\/wp\/v2\/posts\/44862\/revisions"}],"predecessor-version":[{"id":44864,"href":"https:\/\/www.egemtv.com\/index.php?rest_route=\/wp\/v2\/posts\/44862\/revisions\/44864"}],"wp:featuredmedia":[{"embeddable":true,"href":"https:\/\/www.egemtv.com\/index.php?rest_route=\/wp\/v2\/media\/44863"}],"wp:attachment":[{"href":"https:\/\/www.egemtv.com\/index.php?rest_route=%2Fwp%2Fv2%2Fmedia&parent=44862"}],"wp:term":[{"taxonomy":"category","embeddable":true,"href":"https:\/\/www.egemtv.com\/index.php?rest_route=%2Fwp%2Fv2%2Fcategories&post=44862"},{"taxonomy":"post_tag","embeddable":true,"href":"https:\/\/www.egemtv.com\/index.php?rest_route=%2Fwp%2Fv2%2Ftags&post=44862"}],"curies":[{"name":"wp","href":"https:\/\/api.w.org\/{rel}","templated":true}]}}