{"id":44856,"date":"2025-07-27T10:34:50","date_gmt":"2025-07-27T07:34:50","guid":{"rendered":"https:\/\/www.egemtv.com\/?p=44856"},"modified":"2025-07-27T10:34:51","modified_gmt":"2025-07-27T07:34:51","slug":"germencikte-ruhsatsiz-av-tufegi-ele-gecirildi","status":"publish","type":"post","link":"https:\/\/www.egemtv.com\/?p=44856","title":{"rendered":"Germencik\u2019te ruhsats\u0131z av t\u00fcfe\u011fi ele ge\u00e7irildi"},"content":{"rendered":"<p>Ayd\u0131n\u2019\u0131n Germencik il\u00e7esinde jandarma ekipleri taraf\u0131ndan ger\u00e7ekle\u015ftirilen denetimde \u015f\u00fcpheli bir ara\u00e7ta yap\u0131lan aramada 1 adet ruhsats\u0131z tek k\u0131rma av t\u00fcfe\u011fi ele ge\u00e7irildi.<\/p>\n<p>Edinilen bilgiye g\u00f6re, Germencik \u0130l\u00e7e Jandarma Komutanl\u0131\u011f\u0131 Jandarma Su\u00e7 Ara\u015ft\u0131rma Timi (JASAT) ve Merkez Jandarma Karakol Komutanl\u0131\u011f\u0131 ekiplerince Alang\u00fcll\u00fc Mahallesi\u2019nde icra edilen faaliyet s\u0131ras\u0131nda \u015f\u00fcphe \u00fczerine B.C.B. isimli \u015fahs\u0131n kulland\u0131\u011f\u0131 ara\u00e7 durduruldu. Ara\u00e7ta yap\u0131lan aramada 1 adet ruhsats\u0131z tek k\u0131rma av t\u00fcfe\u011fi ele ge\u00e7irildi. T\u00fcfe\u011fe el konulurken, \u015f\u00fcpheli hakk\u0131nda idari yapt\u0131r\u0131m uyguland\u0131. Olayla ilgili adli s\u00fcrecin devam etti\u011fi \u00f6\u011frenildi.<br \/><\/p>\n","protected":false},"excerpt":{"rendered":"<p>Ayd\u0131n\u2019\u0131n Germencik il\u00e7esinde jandarma ekipleri taraf\u0131ndan ger\u00e7ekle\u015ftirilen denetimde \u015f\u00fcpheli bir ara\u00e7ta yap\u0131lan aramada 1 adet ruhsats\u0131z tek k\u0131rma av t\u00fcfe\u011fi ele ge\u00e7irildi. Edinilen bilgiye g\u00f6re, Germencik \u0130l\u00e7e Jandarma Komutanl\u0131\u011f\u0131 Jandarma Su\u00e7 Ara\u015ft\u0131rma Timi (JASAT) ve Merkez Jandarma Karakol Komutanl\u0131\u011f\u0131 ekiplerince Alang\u00fcll\u00fc Mahallesi\u2019nde icra edilen faaliyet s\u0131ras\u0131nda \u015f\u00fcphe \u00fczerine B.C.B. isimli \u015fahs\u0131n kulland\u0131\u011f\u0131 ara\u00e7 durduruldu. Ara\u00e7ta&#8230;<\/p>\n","protected":false},"author":1,"featured_media":44857,"comment_status":"open","ping_status":"open","sticky":false,"template":"","format":"standard","meta":{"_crdt_document":"","footnotes":""},"categories":[5],"tags":[],"class_list":["post-44856","post","type-post","status-publish","format-standard","has-post-thumbnail","hentry","category-asayis"],"_links":{"self":[{"href":"https:\/\/www.egemtv.com\/index.php?rest_route=\/wp\/v2\/posts\/44856","targetHints":{"allow":["GET"]}}],"collection":[{"href":"https:\/\/www.egemtv.com\/index.php?rest_route=\/wp\/v2\/posts"}],"about":[{"href":"https:\/\/www.egemtv.com\/index.php?rest_route=\/wp\/v2\/types\/post"}],"author":[{"embeddable":true,"href":"https:\/\/www.egemtv.com\/index.php?rest_route=\/wp\/v2\/users\/1"}],"replies":[{"embeddable":true,"href":"https:\/\/www.egemtv.com\/index.php?rest_route=%2Fwp%2Fv2%2Fcomments&post=44856"}],"version-history":[{"count":1,"href":"https:\/\/www.egemtv.com\/index.php?rest_route=\/wp\/v2\/posts\/44856\/revisions"}],"predecessor-version":[{"id":44858,"href":"https:\/\/www.egemtv.com\/index.php?rest_route=\/wp\/v2\/posts\/44856\/revisions\/44858"}],"wp:featuredmedia":[{"embeddable":true,"href":"https:\/\/www.egemtv.com\/index.php?rest_route=\/wp\/v2\/media\/44857"}],"wp:attachment":[{"href":"https:\/\/www.egemtv.com\/index.php?rest_route=%2Fwp%2Fv2%2Fmedia&parent=44856"}],"wp:term":[{"taxonomy":"category","embeddable":true,"href":"https:\/\/www.egemtv.com\/index.php?rest_route=%2Fwp%2Fv2%2Fcategories&post=44856"},{"taxonomy":"post_tag","embeddable":true,"href":"https:\/\/www.egemtv.com\/index.php?rest_route=%2Fwp%2Fv2%2Ftags&post=44856"}],"curies":[{"name":"wp","href":"https:\/\/api.w.org\/{rel}","templated":true}]}}