{"id":44853,"date":"2025-07-27T10:34:50","date_gmt":"2025-07-27T07:34:50","guid":{"rendered":"https:\/\/www.egemtv.com\/?p=44853"},"modified":"2025-07-27T10:34:50","modified_gmt":"2025-07-27T07:34:50","slug":"cesme-belediyesporda-ibrahim-goren-donemi","status":"publish","type":"post","link":"https:\/\/www.egemtv.com\/?p=44853","title":{"rendered":"\u00c7e\u015fme Belediyespor\u2019da \u0130brahim G\u00f6ren d\u00f6nemi"},"content":{"rendered":"<p>\u00c7e\u015fme Belediyespor\u2019un yeni teknik direkt\u00f6r\u00fc, kul\u00fcb\u00fcn altyap\u0131s\u0131ndan yeti\u015fen ve uzun y\u0131llar kaptanl\u0131k yapan \u0130brahim G\u00f6ren oldu.<br \/>\n<br \/>Futbola \u00c7e\u015fme Belediyespor altyap\u0131s\u0131nda ba\u015flayan ard\u0131ndan G\u00f6ztepe ve Alt\u0131nordu\u2019da profesyonel futbol kariyerine devam eden \u0130brahim G\u00f6ren, aktif futbolculuk kariyerini \u00c7e\u015fme Belediyespor\u2019da kaptan olarak tamamlad\u0131. Son olarak kul\u00fcpte Futbol Altyap\u0131 Koordinat\u00f6r\u00fc olarak g\u00f6rev yapan G\u00f6ren, g\u00f6sterdi\u011fi \u00f6zveri ve \u00f6rnek ki\u015fili\u011fiyle camian\u0131n b\u00fcy\u00fck takdirini toplad\u0131. Gen\u00e7 \u00e7al\u0131\u015ft\u0131r\u0131c\u0131, \u00c7e\u015fme Belediyespor\u2019un yeni teknik direkt\u00f6r\u00fc oldu.<br \/>\n<br \/>\u00c7e\u015fme Belediyespor, sosyal medya hesab\u0131ndan yapt\u0131\u011f\u0131 a\u00e7\u0131klamada \u015fu ifadelere yer verdi:<br \/>\n<br \/>&#8220;Kul\u00fcb\u00fcm\u00fcz altyap\u0131s\u0131ndan yeti\u015fmi\u015f, futbolculuk kariyerini tak\u0131m kaptan\u0131m\u0131z olarak tamamlam\u0131\u015f, son olarak kul\u00fcb\u00fcm\u00fcz Futbol Altyap\u0131 Koordinat\u00f6rl\u00fck g\u00f6revinde bulunmu\u015f olan \u0130brahim G\u00f6ren, Futbol A Tak\u0131m Teknik Direkt\u00f6r\u00fcm\u00fcz olmu\u015ftur. Kendisine ve ekibine ba\u015far\u0131lar dileriz.&#8221;<br \/><\/p>\n","protected":false},"excerpt":{"rendered":"<p>\u00c7e\u015fme Belediyespor\u2019un yeni teknik direkt\u00f6r\u00fc, kul\u00fcb\u00fcn altyap\u0131s\u0131ndan yeti\u015fen ve uzun y\u0131llar kaptanl\u0131k yapan \u0130brahim G\u00f6ren oldu. Futbola \u00c7e\u015fme Belediyespor altyap\u0131s\u0131nda ba\u015flayan ard\u0131ndan G\u00f6ztepe ve Alt\u0131nordu\u2019da profesyonel futbol kariyerine devam eden \u0130brahim G\u00f6ren, aktif futbolculuk kariyerini \u00c7e\u015fme Belediyespor\u2019da kaptan olarak tamamlad\u0131. Son olarak kul\u00fcpte Futbol Altyap\u0131 Koordinat\u00f6r\u00fc olarak g\u00f6rev yapan G\u00f6ren, g\u00f6sterdi\u011fi \u00f6zveri ve \u00f6rnek ki\u015fili\u011fiyle&#8230;<\/p>\n","protected":false},"author":1,"featured_media":44854,"comment_status":"open","ping_status":"open","sticky":false,"template":"","format":"standard","meta":{"_crdt_document":"","footnotes":""},"categories":[4],"tags":[],"class_list":["post-44853","post","type-post","status-publish","format-standard","has-post-thumbnail","hentry","category-spor"],"_links":{"self":[{"href":"https:\/\/www.egemtv.com\/index.php?rest_route=\/wp\/v2\/posts\/44853","targetHints":{"allow":["GET"]}}],"collection":[{"href":"https:\/\/www.egemtv.com\/index.php?rest_route=\/wp\/v2\/posts"}],"about":[{"href":"https:\/\/www.egemtv.com\/index.php?rest_route=\/wp\/v2\/types\/post"}],"author":[{"embeddable":true,"href":"https:\/\/www.egemtv.com\/index.php?rest_route=\/wp\/v2\/users\/1"}],"replies":[{"embeddable":true,"href":"https:\/\/www.egemtv.com\/index.php?rest_route=%2Fwp%2Fv2%2Fcomments&post=44853"}],"version-history":[{"count":1,"href":"https:\/\/www.egemtv.com\/index.php?rest_route=\/wp\/v2\/posts\/44853\/revisions"}],"predecessor-version":[{"id":44855,"href":"https:\/\/www.egemtv.com\/index.php?rest_route=\/wp\/v2\/posts\/44853\/revisions\/44855"}],"wp:featuredmedia":[{"embeddable":true,"href":"https:\/\/www.egemtv.com\/index.php?rest_route=\/wp\/v2\/media\/44854"}],"wp:attachment":[{"href":"https:\/\/www.egemtv.com\/index.php?rest_route=%2Fwp%2Fv2%2Fmedia&parent=44853"}],"wp:term":[{"taxonomy":"category","embeddable":true,"href":"https:\/\/www.egemtv.com\/index.php?rest_route=%2Fwp%2Fv2%2Fcategories&post=44853"},{"taxonomy":"post_tag","embeddable":true,"href":"https:\/\/www.egemtv.com\/index.php?rest_route=%2Fwp%2Fv2%2Ftags&post=44853"}],"curies":[{"name":"wp","href":"https:\/\/api.w.org\/{rel}","templated":true}]}}