{"id":44850,"date":"2025-07-27T10:34:49","date_gmt":"2025-07-27T07:34:49","guid":{"rendered":"https:\/\/www.egemtv.com\/?p=44850"},"modified":"2025-07-27T10:34:49","modified_gmt":"2025-07-27T07:34:49","slug":"koycegizde-asiri-sicaklar-hayati-olumsuz-etkiledi","status":"publish","type":"post","link":"https:\/\/www.egemtv.com\/?p=44850","title":{"rendered":"K\u00f6yce\u011fiz\u2019de a\u015f\u0131r\u0131 s\u0131caklar hayat\u0131 olumsuz etkiledi"},"content":{"rendered":"<p>Mu\u011fla\u2019n\u0131n K\u00f6yce\u011fiz il\u00e7esinde t\u00fcm T\u00fcrkiye\u2019de oldu\u011fu gibi a\u015f\u0131r\u0131 s\u0131caklar etkisini s\u00fcrd\u00fcrmeye devam ediyor.<\/p>\n<p>\u0130l\u00e7e genelinde termometreler hava s\u0131cakl\u0131\u011f\u0131n\u0131 47 derece g\u00f6sterirken, nem oran\u0131 ile birlikte hissedilen hava s\u0131cakl\u0131\u011f\u0131 50 derecenin \u00fczerine \u00e7\u0131kt\u0131. K\u00f6yce\u011fiz\u2019de s\u0131cak hava dalgas\u0131, g\u00fcnl\u00fck ya\u015fam\u0131 da olumsuz etkiledi. Hava s\u0131cakl\u0131\u011f\u0131n\u0131n etkisiyle cadde ve sokaklar olduk\u00e7a sakinle\u015fti. D\u0131\u015far\u0131 \u00e7\u0131kan vatanda\u015flar, g\u00f6lgelik alanlarda vakit ge\u00e7irmeyi tercih etti. Baz\u0131 vatanda\u015flar yaylaya \u00e7\u0131karken, baz\u0131lar\u0131 Yuvarlak \u00c7ay kenar\u0131nda, baz\u0131lar\u0131 Toparlar \u015eelalesi\u2019nde, g\u00f6lde ve havuzlarda serinlemeyi tercih etti. Kimi vatanda\u015flarda evde kliman\u0131n ba\u015f\u0131nda s\u0131caklardan korunmaya \u00e7al\u0131\u015ft\u0131. Uzmanlar, a\u015f\u0131r\u0131 s\u0131caklarda a\u00e7\u0131k havada uzun s\u00fcre kal\u0131nmamas\u0131, bol s\u0131v\u0131 t\u00fcketilmesi ve m\u00fcmk\u00fcnse kapal\u0131, serin alanlarda vakit ge\u00e7irilmesi y\u00f6n\u00fcnde uyar\u0131lar\u0131 yineledi.<br \/><\/p>\n","protected":false},"excerpt":{"rendered":"<p>Mu\u011fla\u2019n\u0131n K\u00f6yce\u011fiz il\u00e7esinde t\u00fcm T\u00fcrkiye\u2019de oldu\u011fu gibi a\u015f\u0131r\u0131 s\u0131caklar etkisini s\u00fcrd\u00fcrmeye devam ediyor. \u0130l\u00e7e genelinde termometreler hava s\u0131cakl\u0131\u011f\u0131n\u0131 47 derece g\u00f6sterirken, nem oran\u0131 ile birlikte hissedilen hava s\u0131cakl\u0131\u011f\u0131 50 derecenin \u00fczerine \u00e7\u0131kt\u0131. K\u00f6yce\u011fiz\u2019de s\u0131cak hava dalgas\u0131, g\u00fcnl\u00fck ya\u015fam\u0131 da olumsuz etkiledi. Hava s\u0131cakl\u0131\u011f\u0131n\u0131n etkisiyle cadde ve sokaklar olduk\u00e7a sakinle\u015fti. D\u0131\u015far\u0131 \u00e7\u0131kan vatanda\u015flar, g\u00f6lgelik alanlarda vakit&#8230;<\/p>\n","protected":false},"author":1,"featured_media":44851,"comment_status":"open","ping_status":"open","sticky":false,"template":"","format":"standard","meta":{"_crdt_document":"","footnotes":""},"categories":[1],"tags":[],"class_list":["post-44850","post","type-post","status-publish","format-standard","has-post-thumbnail","hentry","category-guncel"],"_links":{"self":[{"href":"https:\/\/www.egemtv.com\/index.php?rest_route=\/wp\/v2\/posts\/44850","targetHints":{"allow":["GET"]}}],"collection":[{"href":"https:\/\/www.egemtv.com\/index.php?rest_route=\/wp\/v2\/posts"}],"about":[{"href":"https:\/\/www.egemtv.com\/index.php?rest_route=\/wp\/v2\/types\/post"}],"author":[{"embeddable":true,"href":"https:\/\/www.egemtv.com\/index.php?rest_route=\/wp\/v2\/users\/1"}],"replies":[{"embeddable":true,"href":"https:\/\/www.egemtv.com\/index.php?rest_route=%2Fwp%2Fv2%2Fcomments&post=44850"}],"version-history":[{"count":1,"href":"https:\/\/www.egemtv.com\/index.php?rest_route=\/wp\/v2\/posts\/44850\/revisions"}],"predecessor-version":[{"id":44852,"href":"https:\/\/www.egemtv.com\/index.php?rest_route=\/wp\/v2\/posts\/44850\/revisions\/44852"}],"wp:featuredmedia":[{"embeddable":true,"href":"https:\/\/www.egemtv.com\/index.php?rest_route=\/wp\/v2\/media\/44851"}],"wp:attachment":[{"href":"https:\/\/www.egemtv.com\/index.php?rest_route=%2Fwp%2Fv2%2Fmedia&parent=44850"}],"wp:term":[{"taxonomy":"category","embeddable":true,"href":"https:\/\/www.egemtv.com\/index.php?rest_route=%2Fwp%2Fv2%2Fcategories&post=44850"},{"taxonomy":"post_tag","embeddable":true,"href":"https:\/\/www.egemtv.com\/index.php?rest_route=%2Fwp%2Fv2%2Ftags&post=44850"}],"curies":[{"name":"wp","href":"https:\/\/api.w.org\/{rel}","templated":true}]}}