{"id":44847,"date":"2025-07-27T10:34:48","date_gmt":"2025-07-27T07:34:48","guid":{"rendered":"https:\/\/www.egemtv.com\/?p=44847"},"modified":"2025-07-27T10:34:49","modified_gmt":"2025-07-27T07:34:49","slug":"10-sehidin-verildigi-alevlerin-arasindan-cikan-denizli-arazozu-goruntulendi","status":"publish","type":"post","link":"https:\/\/www.egemtv.com\/?p=44847","title":{"rendered":"10 \u015fehidin verildi\u011fi alevlerin aras\u0131ndan \u00e7\u0131kan Denizli araz\u00f6z\u00fc g\u00f6r\u00fcnt\u00fclendi"},"content":{"rendered":"<p>Eski\u015fehir\u2019de 5 orman personeli ve 5 AKUT g\u00f6n\u00fcll\u00fcs\u00fcn\u00fcn \u015fehit oldu\u011fu yang\u0131na destek i\u00e7in Denizli\u2019den giden ve son anda alevlerin aras\u0131ndan \u00e7\u0131kmay\u0131 ba\u015faran araz\u00f6z\u00fcn g\u00f6r\u00fcnt\u00fcleri, ya\u015fanan deh\u015fet anlar\u0131n\u0131 an\u0131msatt\u0131.<\/p>\n<p>Eski\u015fehir\u2019in Seyitgazi il\u00e7esinde meydana gelen orman yang\u0131nda 5\u2019i orman personeli ve 5\u2019i de AKUT g\u00f6n\u00fcll\u00fcs\u00fc olmak \u00fczere 10 \u015fehit verildi. Yang\u0131na destek i\u00e7in Denizli -Beya\u011fa\u00e7 Eskere Orman \u0130\u015fletme \u015eefli\u011finden giden ekibin alevlerin ortas\u0131nda kald\u0131\u011f\u0131 yang\u0131nda, orman i\u015f\u00e7ileri Hilmi \u015eahin ve Sercan Utni \u015fehit oldu. Ye\u015fil vatan\u0131 korumak i\u00e7in verilen \u015fehitler son yolculuklar\u0131na u\u011furlan\u0131rken, Denizli\u2019den g\u00f6revlendirilen ve saniyelerde alevlerin aras\u0131ndan \u00e7\u0131kmay\u0131 ba\u015faran 20 A 62 kodlu araz\u00f6z\u00fcn g\u00f6r\u00fcnt\u00fcleri ortaya \u00e7\u0131kt\u0131. B\u00f6lgede \u00e7al\u0131\u015fmalar\u0131n\u0131 s\u00fcrd\u00fcren bir STK g\u00f6revlisi taraf\u0131ndan payla\u015f\u0131lan g\u00f6r\u00fcnt\u00fc hem ya\u015fanan deh\u015fet anlar\u0131n\u0131 an\u0131msatt\u0131 hem de izleyenlerin g\u00f6zlerini ya\u015fartt\u0131. Denizli\u2019den giden di\u011fer araz\u00f6z\u00fcn metal y\u0131\u011f\u0131n\u0131na d\u00f6nd\u00fc\u011f\u00fc yang\u0131ndan kurtulan araz\u00f6z\u00fcn, halen yang\u0131n\u0131n izlerin izlerini ta\u015f\u0131mas\u0131 dikkat \u00e7ekti.<\/p>\n<p>10 g\u00f6revlinin \u015fehit oldu\u011fu yang\u0131ndan hafi hasarla kurtulmay\u0131 ba\u015faran ekibin kulland\u0131\u011f\u0131 Denizli Eskere Orman \u0130\u015fletme \u015eefli\u011fine ait 20 A 62 kodlu araz\u00f6z\u00fcn g\u00f6r\u00fcnt\u00fcs\u00fcn\u00fc sosyal medya hesab\u0131ndan payla\u015fan yard\u0131m derne\u011fi g\u00f6n\u00fcll\u00fcs\u00fc Bekir Y\u0131ld\u0131r\u0131m, &#8220;Eski\u015fehir\u2019e ba\u011fl\u0131 Seyitgazi il\u00e7esinde \u00e7\u0131kan orman yang\u0131n\u0131nda 5 orman personeli ve 5 AKUT g\u00f6n\u00fcll\u00fcs\u00fc ye\u015fil vatan\u0131 korumak isterlerken maalesef \u015fehit oldu. \u015euan yang\u0131ndan kurtulan Denizli &#8211; Eskere ekibine ait  20 A 62 kodlu arac\u0131m\u0131z\u0131n yan\u0131nday\u0131z. Ara\u00e7 yang\u0131nda kurtulmu\u015f ama halen alevlerin izlerini ta\u015f\u0131yor. Baz\u0131 par\u00e7alar\u0131 y\u00fcksek \u0131s\u0131dan dolay\u0131 erimi\u015f durumda. Allah \u015fehitlerimize rahmet eylesin. Rabbim bizlere bir daha b\u00f6yle ac\u0131lar ya\u015fatmas\u0131n. B\u00fct\u00fcn milletimizin ba\u015f\u0131 sa\u011f olsun. \u015fehitlerimizin ac\u0131l\u0131 ailelerine sab\u0131rlar diliyorum&#8221; dedi.<br \/><\/p>\n","protected":false},"excerpt":{"rendered":"<p>Eski\u015fehir\u2019de 5 orman personeli ve 5 AKUT g\u00f6n\u00fcll\u00fcs\u00fcn\u00fcn \u015fehit oldu\u011fu yang\u0131na destek i\u00e7in Denizli\u2019den giden ve son anda alevlerin aras\u0131ndan \u00e7\u0131kmay\u0131 ba\u015faran araz\u00f6z\u00fcn g\u00f6r\u00fcnt\u00fcleri, ya\u015fanan deh\u015fet anlar\u0131n\u0131 an\u0131msatt\u0131. Eski\u015fehir\u2019in Seyitgazi il\u00e7esinde meydana gelen orman yang\u0131nda 5\u2019i orman personeli ve 5\u2019i de AKUT g\u00f6n\u00fcll\u00fcs\u00fc olmak \u00fczere 10 \u015fehit verildi. Yang\u0131na destek i\u00e7in Denizli -Beya\u011fa\u00e7 Eskere Orman&#8230;<\/p>\n","protected":false},"author":1,"featured_media":44848,"comment_status":"open","ping_status":"open","sticky":false,"template":"","format":"standard","meta":{"_crdt_document":"","footnotes":""},"categories":[5],"tags":[],"class_list":["post-44847","post","type-post","status-publish","format-standard","has-post-thumbnail","hentry","category-asayis"],"_links":{"self":[{"href":"https:\/\/www.egemtv.com\/index.php?rest_route=\/wp\/v2\/posts\/44847","targetHints":{"allow":["GET"]}}],"collection":[{"href":"https:\/\/www.egemtv.com\/index.php?rest_route=\/wp\/v2\/posts"}],"about":[{"href":"https:\/\/www.egemtv.com\/index.php?rest_route=\/wp\/v2\/types\/post"}],"author":[{"embeddable":true,"href":"https:\/\/www.egemtv.com\/index.php?rest_route=\/wp\/v2\/users\/1"}],"replies":[{"embeddable":true,"href":"https:\/\/www.egemtv.com\/index.php?rest_route=%2Fwp%2Fv2%2Fcomments&post=44847"}],"version-history":[{"count":1,"href":"https:\/\/www.egemtv.com\/index.php?rest_route=\/wp\/v2\/posts\/44847\/revisions"}],"predecessor-version":[{"id":44849,"href":"https:\/\/www.egemtv.com\/index.php?rest_route=\/wp\/v2\/posts\/44847\/revisions\/44849"}],"wp:featuredmedia":[{"embeddable":true,"href":"https:\/\/www.egemtv.com\/index.php?rest_route=\/wp\/v2\/media\/44848"}],"wp:attachment":[{"href":"https:\/\/www.egemtv.com\/index.php?rest_route=%2Fwp%2Fv2%2Fmedia&parent=44847"}],"wp:term":[{"taxonomy":"category","embeddable":true,"href":"https:\/\/www.egemtv.com\/index.php?rest_route=%2Fwp%2Fv2%2Fcategories&post=44847"},{"taxonomy":"post_tag","embeddable":true,"href":"https:\/\/www.egemtv.com\/index.php?rest_route=%2Fwp%2Fv2%2Ftags&post=44847"}],"curies":[{"name":"wp","href":"https:\/\/api.w.org\/{rel}","templated":true}]}}