{"id":44841,"date":"2025-07-27T09:35:51","date_gmt":"2025-07-27T06:35:51","guid":{"rendered":"https:\/\/www.egemtv.com\/?p=44841"},"modified":"2025-07-27T09:35:51","modified_gmt":"2025-07-27T06:35:51","slug":"karacasuda-orman-yangilari-icin-kaymakamliktan-uyari","status":"publish","type":"post","link":"https:\/\/www.egemtv.com\/?p=44841","title":{"rendered":"Karacasu\u2019da orman yang\u0131lar\u0131 i\u00e7in kaymakaml\u0131ktan uyar\u0131"},"content":{"rendered":"<p>Ayd\u0131n\u2019\u0131n Karacasu il\u00e7esinde hava s\u0131cakl\u0131klar\u0131n\u0131n 46 dereceye kadar \u00e7\u0131kmas\u0131 ve nem oran\u0131n\u0131n y\u00fczde 7\u2019ye kadar d\u00fc\u015fmesi \u00fczerine Karacasu Kaymakaml\u0131\u011f\u0131, orman yang\u0131nlar\u0131na kar\u015f\u0131 vatanda\u015flar\u0131 uyard\u0131. Yap\u0131lan a\u00e7\u0131klamada ormanlara izinsiz giri\u015fin yasakland\u0131\u011f\u0131, kolluk kuvvetlerinin ve dron destekli ekiplerin 24 saat denetim yapt\u0131\u011f\u0131 belirtildi.<\/p>\n<p>Son g\u00fcnlerde artan s\u0131cakl\u0131k ve d\u00fc\u015f\u00fck nem oran\u0131, orman yang\u0131nlar\u0131 riskini ciddi oranda y\u00fckseltti. Karacasu Kaymakaml\u0131\u011f\u0131\u2019ndan yap\u0131lan a\u00e7\u0131klamada, &#8220;S\u0131cakl\u0131k 46 derece, nem y\u00fczde 7, r\u00fczgar 50 km\/saat. Bu \u015fartlar bir k\u0131v\u0131lc\u0131mla her \u015feyi k\u00fcl edebilir&#8221; denilerek vatanda\u015flar dikkatli olmaya davet edildi. A\u00e7\u0131klamada ayr\u0131ca, &#8220;Ormanlara izinsiz giri\u015f, ate\u015f, an\u0131z veya bah\u00e7e at\u0131\u011f\u0131 yakmak yasakt\u0131r. Kolluk birimlerimiz denetimde. Dronlarla 7\/24 kontrol sa\u011flanmaktad\u0131r. L\u00fctfen kurallara uyal\u0131m. Bir a\u011fa\u00e7, bir orman, bir hayat demektir&#8221; ifadelerine yer verildi.<\/p>\n<p>Yetkililer, t\u00fcm vatanda\u015flar\u0131n bu konuda duyarl\u0131 olmas\u0131n\u0131 ve al\u0131nan tedbirlere uymas\u0131n\u0131 istedi.<br \/><\/p>\n","protected":false},"excerpt":{"rendered":"<p>Ayd\u0131n\u2019\u0131n Karacasu il\u00e7esinde hava s\u0131cakl\u0131klar\u0131n\u0131n 46 dereceye kadar \u00e7\u0131kmas\u0131 ve nem oran\u0131n\u0131n y\u00fczde 7\u2019ye kadar d\u00fc\u015fmesi \u00fczerine Karacasu Kaymakaml\u0131\u011f\u0131, orman yang\u0131nlar\u0131na kar\u015f\u0131 vatanda\u015flar\u0131 uyard\u0131. Yap\u0131lan a\u00e7\u0131klamada ormanlara izinsiz giri\u015fin yasakland\u0131\u011f\u0131, kolluk kuvvetlerinin ve dron destekli ekiplerin 24 saat denetim yapt\u0131\u011f\u0131 belirtildi. Son g\u00fcnlerde artan s\u0131cakl\u0131k ve d\u00fc\u015f\u00fck nem oran\u0131, orman yang\u0131nlar\u0131 riskini ciddi oranda y\u00fckseltti&#8230;.<\/p>\n","protected":false},"author":1,"featured_media":44842,"comment_status":"open","ping_status":"open","sticky":false,"template":"","format":"standard","meta":{"_crdt_document":"","footnotes":""},"categories":[1],"tags":[],"class_list":["post-44841","post","type-post","status-publish","format-standard","has-post-thumbnail","hentry","category-guncel"],"_links":{"self":[{"href":"https:\/\/www.egemtv.com\/index.php?rest_route=\/wp\/v2\/posts\/44841","targetHints":{"allow":["GET"]}}],"collection":[{"href":"https:\/\/www.egemtv.com\/index.php?rest_route=\/wp\/v2\/posts"}],"about":[{"href":"https:\/\/www.egemtv.com\/index.php?rest_route=\/wp\/v2\/types\/post"}],"author":[{"embeddable":true,"href":"https:\/\/www.egemtv.com\/index.php?rest_route=\/wp\/v2\/users\/1"}],"replies":[{"embeddable":true,"href":"https:\/\/www.egemtv.com\/index.php?rest_route=%2Fwp%2Fv2%2Fcomments&post=44841"}],"version-history":[{"count":1,"href":"https:\/\/www.egemtv.com\/index.php?rest_route=\/wp\/v2\/posts\/44841\/revisions"}],"predecessor-version":[{"id":44843,"href":"https:\/\/www.egemtv.com\/index.php?rest_route=\/wp\/v2\/posts\/44841\/revisions\/44843"}],"wp:featuredmedia":[{"embeddable":true,"href":"https:\/\/www.egemtv.com\/index.php?rest_route=\/wp\/v2\/media\/44842"}],"wp:attachment":[{"href":"https:\/\/www.egemtv.com\/index.php?rest_route=%2Fwp%2Fv2%2Fmedia&parent=44841"}],"wp:term":[{"taxonomy":"category","embeddable":true,"href":"https:\/\/www.egemtv.com\/index.php?rest_route=%2Fwp%2Fv2%2Fcategories&post=44841"},{"taxonomy":"post_tag","embeddable":true,"href":"https:\/\/www.egemtv.com\/index.php?rest_route=%2Fwp%2Fv2%2Ftags&post=44841"}],"curies":[{"name":"wp","href":"https:\/\/api.w.org\/{rel}","templated":true}]}}