{"id":44838,"date":"2025-07-27T00:54:38","date_gmt":"2025-07-26T21:54:38","guid":{"rendered":"https:\/\/www.egemtv.com\/?p=44838"},"modified":"2025-07-27T00:54:39","modified_gmt":"2025-07-26T21:54:39","slug":"kurek-sorfculerinin-son-goruntuleri-ortaya-cikti","status":"publish","type":"post","link":"https:\/\/www.egemtv.com\/?p=44838","title":{"rendered":"K\u00fcrek s\u00f6rf\u00e7\u00fclerinin son g\u00f6r\u00fcnt\u00fcleri ortaya \u00e7\u0131kt\u0131"},"content":{"rendered":"<p>Mu\u011fla\u2019n\u0131n Mente\u015fe il\u00e7esinden k\u00fcrek s\u00f6rf\u00fc yaparak denize a\u00e7\u0131lan ve ya\u015fad\u0131klar\u0131 kaza sonucu denize d\u00fc\u015ferek ak\u0131nt\u0131ya kap\u0131lan 2 s\u00f6rf\u00e7\u00fcden Turgay Tarak\u00e7\u0131\u2019y\u0131 arama kurtarma \u00e7al\u0131\u015fmalar\u0131 2 g\u00fcnd\u00fcr devam ederken, s\u00f6rf\u00e7\u00fclerin denize a\u00e7\u0131lma anlar\u0131 ve kaza an\u0131na ait g\u00fcvenlik kameras\u0131 g\u00f6r\u00fcnt\u00fcleri ortaya \u00e7\u0131kt\u0131.<br \/>\n<br \/>Olay, ge\u00e7ti\u011fimiz 25 Temmuz g\u00fcn\u00fc Mu\u011fla\u2019n\u0131n Mente\u015fe il\u00e7esine ba\u011fl\u0131 Sarn\u0131\u00e7 Mahallesi\u2019ndeki Akb\u00fck Koyu\u2019nda ak\u015fam saatlerinde meydana geldi. Edinilen bilgiye g\u00f6re, Turgay Tarak\u00e7\u0131 ve Semih Turan isimli iki arkada\u015f k\u00fcrek s\u00f6rf\u00fc yapmak i\u00e7in Akb\u00fck Koyu\u2019ndan denize a\u00e7\u0131ld\u0131. Bir s\u00fcre sonra ak\u0131nt\u0131ya kap\u0131lan s\u00f6rf\u00e7\u00fcler, bir tekneye \u00e7arparak suya d\u00fc\u015ft\u00fc. Ak\u0131nt\u0131ya kap\u0131lan s\u00f6rf\u00e7\u00fclerden Semih Turan, ihbar \u00fczerine b\u00f6lgeye sevk edilen Sahil G\u00fcvenlik ekiplerinin m\u00fcdahalesiyle kurtar\u0131larak k\u0131y\u0131ya \u00e7\u0131kar\u0131ld\u0131. Di\u011fer s\u00f6rf\u00e7\u00fc Turgay Tarak\u00e7\u0131\u2019n\u0131n (38) bulunmas\u0131 i\u00e7in \u00e7al\u0131\u015fma ba\u015flat\u0131ld\u0131. G\u00fcney Ege Sahil G\u00fcvenlik Komutanl\u0131\u011f\u0131 ekiplerince ba\u015flat\u0131lan arama kurtarma \u00e7al\u0131\u015fmalar\u0131 2. g\u00fcn\u00fcne girerken, kay\u0131p s\u00f6rf\u00e7\u00fcn\u00fcn bulunmas\u0131 i\u00e7in 2 Sahil G\u00fcvenlik botu ve 1 dal\u0131\u015f timi ile deniz y\u00fczeyinde ve su alt\u0131nda arama faaliyetleri ger\u00e7ekle\u015ftiriliyor.<br \/>\n<br \/>G\u00fcvenlik kameras\u0131 g\u00f6r\u00fcnt\u00fcleri ortaya \u00e7\u0131kt\u0131<br \/>\n<br \/>\u00d6te yandan olaydan k\u0131sa s\u00fcre \u00f6nce Turgay Tarak\u00e7\u0131 ve Semih Turan\u2019\u0131n k\u00fcrek s\u00f6rf\u00fcne \u00e7\u0131kt\u0131klar\u0131 anlar\u0131 ve bir tekneye \u00e7arparak s\u00fcr\u00fcklenmeleri, bir i\u015fletmenin g\u00fcvenlik kameras\u0131na yans\u0131d\u0131. G\u00f6r\u00fcnt\u00fclerde, ikilinin g\u00fcne\u015fli havada s\u00f6rf tahtalar\u0131yla birlikte denize a\u00e7\u0131ld\u0131klar\u0131 yer al\u0131yor. \u0130kilinin ayn\u0131 zamanda sosyal medya hesaplar\u0131ndan da etkinlik s\u0131ras\u0131nda \u00e7e\u015fitli payla\u015f\u0131mlar yapt\u0131klar\u0131 tespit edildi. Yetkililer, arama kurtarma \u00e7al\u0131\u015fmalar\u0131n\u0131n aral\u0131ks\u0131z s\u00fcrd\u00fc\u011f\u00fcn\u00fc ve b\u00f6lgedeki olumsuzluklara kar\u015f\u0131 vatanda\u015flar\u0131n dikkatli olmas\u0131 gerekti\u011fini belirtti.<br \/><\/p>\n","protected":false},"excerpt":{"rendered":"<p>Mu\u011fla\u2019n\u0131n Mente\u015fe il\u00e7esinden k\u00fcrek s\u00f6rf\u00fc yaparak denize a\u00e7\u0131lan ve ya\u015fad\u0131klar\u0131 kaza sonucu denize d\u00fc\u015ferek ak\u0131nt\u0131ya kap\u0131lan 2 s\u00f6rf\u00e7\u00fcden Turgay Tarak\u00e7\u0131\u2019y\u0131 arama kurtarma \u00e7al\u0131\u015fmalar\u0131 2 g\u00fcnd\u00fcr devam ederken, s\u00f6rf\u00e7\u00fclerin denize a\u00e7\u0131lma anlar\u0131 ve kaza an\u0131na ait g\u00fcvenlik kameras\u0131 g\u00f6r\u00fcnt\u00fcleri ortaya \u00e7\u0131kt\u0131. Olay, ge\u00e7ti\u011fimiz 25 Temmuz g\u00fcn\u00fc Mu\u011fla\u2019n\u0131n Mente\u015fe il\u00e7esine ba\u011fl\u0131 Sarn\u0131\u00e7 Mahallesi\u2019ndeki Akb\u00fck Koyu\u2019nda ak\u015fam saatlerinde&#8230;<\/p>\n","protected":false},"author":1,"featured_media":44839,"comment_status":"open","ping_status":"open","sticky":false,"template":"","format":"standard","meta":{"_crdt_document":"","footnotes":""},"categories":[5],"tags":[],"class_list":["post-44838","post","type-post","status-publish","format-standard","has-post-thumbnail","hentry","category-asayis"],"_links":{"self":[{"href":"https:\/\/www.egemtv.com\/index.php?rest_route=\/wp\/v2\/posts\/44838","targetHints":{"allow":["GET"]}}],"collection":[{"href":"https:\/\/www.egemtv.com\/index.php?rest_route=\/wp\/v2\/posts"}],"about":[{"href":"https:\/\/www.egemtv.com\/index.php?rest_route=\/wp\/v2\/types\/post"}],"author":[{"embeddable":true,"href":"https:\/\/www.egemtv.com\/index.php?rest_route=\/wp\/v2\/users\/1"}],"replies":[{"embeddable":true,"href":"https:\/\/www.egemtv.com\/index.php?rest_route=%2Fwp%2Fv2%2Fcomments&post=44838"}],"version-history":[{"count":1,"href":"https:\/\/www.egemtv.com\/index.php?rest_route=\/wp\/v2\/posts\/44838\/revisions"}],"predecessor-version":[{"id":44840,"href":"https:\/\/www.egemtv.com\/index.php?rest_route=\/wp\/v2\/posts\/44838\/revisions\/44840"}],"wp:featuredmedia":[{"embeddable":true,"href":"https:\/\/www.egemtv.com\/index.php?rest_route=\/wp\/v2\/media\/44839"}],"wp:attachment":[{"href":"https:\/\/www.egemtv.com\/index.php?rest_route=%2Fwp%2Fv2%2Fmedia&parent=44838"}],"wp:term":[{"taxonomy":"category","embeddable":true,"href":"https:\/\/www.egemtv.com\/index.php?rest_route=%2Fwp%2Fv2%2Fcategories&post=44838"},{"taxonomy":"post_tag","embeddable":true,"href":"https:\/\/www.egemtv.com\/index.php?rest_route=%2Fwp%2Fv2%2Ftags&post=44838"}],"curies":[{"name":"wp","href":"https:\/\/api.w.org\/{rel}","templated":true}]}}