{"id":44811,"date":"2025-07-26T21:14:58","date_gmt":"2025-07-26T18:14:58","guid":{"rendered":"https:\/\/www.egemtv.com\/?p=44811"},"modified":"2025-07-26T21:14:58","modified_gmt":"2025-07-26T18:14:58","slug":"salihlide-zehir-tacirine-darbe","status":"publish","type":"post","link":"https:\/\/www.egemtv.com\/?p=44811","title":{"rendered":"Salihli\u2019de zehir tacirine darbe"},"content":{"rendered":"<p>Manisa\u2019n\u0131n Salihli il\u00e7esinde polis ekipleri taraf\u0131ndan sokak sat\u0131c\u0131lar\u0131na y\u00f6nelik d\u00fczenlenen operasyonda A4 ka\u011f\u0131da emdirilmi\u015f 6 par\u00e7a halinde 94 i\u00e7imlik u\u00e7 bonzai ele ge\u00e7irildi. Olayla ilgili g\u00f6zalt\u0131na al\u0131nan 2 \u015f\u00fcpheliden 1\u2019i \u00e7\u0131kar\u0131ld\u0131\u011f\u0131 mahkemece tutukland\u0131.<br \/>\n<br \/>Uyu\u015fturucu madde ticareti yapan \u015fah\u0131slara y\u00f6nelik \u00e7al\u0131\u015fmalar\u0131na devam eden Manisa \u0130l Emniyet M\u00fcd\u00fcrl\u00fc\u011f\u00fc KOM \u015eube M\u00fcd\u00fcrl\u00fc\u011f\u00fcne ba\u011fl\u0131 Salihli Narkotik Su\u00e7larla M\u00fccadele B\u00fcro Amirli\u011fi ekipleri, sokak \u00e7al\u0131\u015fmalar\u0131 kapsam\u0131nda durumundan \u015f\u00fcphelendikleri E. D. U. (27) ve M.K.\u2019y\u0131 (26) Sar\u0131p\u0131nar Mahallesi\u2019nde durdurdu. \u015e\u00fcphelilerin yap\u0131lan kaba \u00fcst aramas\u0131nda alt\u0131 par\u00e7a halinde toplam 94 i\u00e7imlik u\u00e7 bonzai ele ge\u00e7irildi. Olayla ilgili 2 \u015f\u00fcpheli g\u00f6zalt\u0131na al\u0131nd\u0131.<br \/>\n<br \/>Emniyetteki i\u015flemlerinin ard\u0131ndan adliyeye sevk edilen \u015f\u00fcphelilerden E. D. U. \u2018Uyu\u015fturucu veya Uyar\u0131c\u0131 Madde \u0130mal ve Ticareti\u2019 yapmak su\u00e7undan \u00e7\u0131kar\u0131ld\u0131\u011f\u0131 mahkemece tutuklan\u0131p, cezaevine g\u00f6nderilirken, di\u011fer \u015f\u00fcpheli serbest b\u0131rak\u0131ld\u0131.<br \/><\/p>\n","protected":false},"excerpt":{"rendered":"<p>Manisa\u2019n\u0131n Salihli il\u00e7esinde polis ekipleri taraf\u0131ndan sokak sat\u0131c\u0131lar\u0131na y\u00f6nelik d\u00fczenlenen operasyonda A4 ka\u011f\u0131da emdirilmi\u015f 6 par\u00e7a halinde 94 i\u00e7imlik u\u00e7 bonzai ele ge\u00e7irildi. Olayla ilgili g\u00f6zalt\u0131na al\u0131nan 2 \u015f\u00fcpheliden 1\u2019i \u00e7\u0131kar\u0131ld\u0131\u011f\u0131 mahkemece tutukland\u0131. Uyu\u015fturucu madde ticareti yapan \u015fah\u0131slara y\u00f6nelik \u00e7al\u0131\u015fmalar\u0131na devam eden Manisa \u0130l Emniyet M\u00fcd\u00fcrl\u00fc\u011f\u00fc KOM \u015eube M\u00fcd\u00fcrl\u00fc\u011f\u00fcne ba\u011fl\u0131 Salihli Narkotik Su\u00e7larla M\u00fccadele B\u00fcro&#8230;<\/p>\n","protected":false},"author":1,"featured_media":44812,"comment_status":"open","ping_status":"open","sticky":false,"template":"","format":"standard","meta":{"_crdt_document":"","footnotes":""},"categories":[5],"tags":[],"class_list":["post-44811","post","type-post","status-publish","format-standard","has-post-thumbnail","hentry","category-asayis"],"_links":{"self":[{"href":"https:\/\/www.egemtv.com\/index.php?rest_route=\/wp\/v2\/posts\/44811","targetHints":{"allow":["GET"]}}],"collection":[{"href":"https:\/\/www.egemtv.com\/index.php?rest_route=\/wp\/v2\/posts"}],"about":[{"href":"https:\/\/www.egemtv.com\/index.php?rest_route=\/wp\/v2\/types\/post"}],"author":[{"embeddable":true,"href":"https:\/\/www.egemtv.com\/index.php?rest_route=\/wp\/v2\/users\/1"}],"replies":[{"embeddable":true,"href":"https:\/\/www.egemtv.com\/index.php?rest_route=%2Fwp%2Fv2%2Fcomments&post=44811"}],"version-history":[{"count":1,"href":"https:\/\/www.egemtv.com\/index.php?rest_route=\/wp\/v2\/posts\/44811\/revisions"}],"predecessor-version":[{"id":44813,"href":"https:\/\/www.egemtv.com\/index.php?rest_route=\/wp\/v2\/posts\/44811\/revisions\/44813"}],"wp:featuredmedia":[{"embeddable":true,"href":"https:\/\/www.egemtv.com\/index.php?rest_route=\/wp\/v2\/media\/44812"}],"wp:attachment":[{"href":"https:\/\/www.egemtv.com\/index.php?rest_route=%2Fwp%2Fv2%2Fmedia&parent=44811"}],"wp:term":[{"taxonomy":"category","embeddable":true,"href":"https:\/\/www.egemtv.com\/index.php?rest_route=%2Fwp%2Fv2%2Fcategories&post=44811"},{"taxonomy":"post_tag","embeddable":true,"href":"https:\/\/www.egemtv.com\/index.php?rest_route=%2Fwp%2Fv2%2Ftags&post=44811"}],"curies":[{"name":"wp","href":"https:\/\/api.w.org\/{rel}","templated":true}]}}