{"id":44808,"date":"2025-07-26T20:54:53","date_gmt":"2025-07-26T17:54:53","guid":{"rendered":"https:\/\/www.egemtv.com\/?p=44808"},"modified":"2025-07-26T20:54:54","modified_gmt":"2025-07-26T17:54:54","slug":"dere-kenarina-dusen-ve-baygin-halde-bulunan-yasli-adam-kurtarildi","status":"publish","type":"post","link":"https:\/\/www.egemtv.com\/?p=44808","title":{"rendered":"Dere kenar\u0131na d\u00fc\u015fen ve bayg\u0131n halde bulunan ya\u015fl\u0131 adam kurtar\u0131ld\u0131"},"content":{"rendered":"<p>Ayd\u0131n\u2019\u0131n Kuyucak il\u00e7esinde dere kenar\u0131nda d\u00fc\u015fen ve bayg\u0131n halde bulunan 60 ya\u015f\u0131ndaki Ali Bozk\u0131r, ekiplerin h\u0131zl\u0131 m\u00fcdahalesiyle kurtar\u0131ld\u0131.<br \/>\n<br \/>Olay, Kuyucak il\u00e7esi Derek\u00f6y Mahallesi\u2019nde saat 13.00 s\u0131ralar\u0131nda meydana geldi. Edinilen bilgiye g\u00f6re da\u011fl\u0131k alana kekik toplamak i\u00e7in \u00e7\u0131kan Ali Bozk\u0131r (60), hen\u00fcz bilinmeyen bir nedenle bayg\u0131nl\u0131k ge\u00e7irerek dere kenar\u0131na d\u00fc\u015ft\u00fc. Bozk\u0131r\u2019\u0131 bayg\u0131n halde g\u00f6ren vatanda\u015flar durumu 112 Acil \u00c7a\u011fr\u0131 Merkezi\u2019ne bildirdi. \u0130hbar \u00fczerine b\u00f6lgeye itfaiye, AFAD, sa\u011fl\u0131k ve UMKE ekipleri sevk edildi. K\u0131sa s\u00fcrede b\u00f6lgeye gelen ekipler, Bozk\u0131r i\u00e7in kurtarma \u00e7al\u0131\u015fmas\u0131 ba\u015flatt\u0131. Ekiplerin \u00e7al\u0131\u015fmas\u0131 sonucunda Bozk\u0131r, bulundu\u011fu yerden kurtar\u0131larak sa\u011fl\u0131k ekiplerine teslim edildi. D\u00fc\u015fme sonucu genel v\u00fccut travmas\u0131 ve kafa travmas\u0131 meydana gelen yaral\u0131, olay yerindeki ilk m\u00fcdahalenin ard\u0131ndan ambulansla hastaneye kald\u0131r\u0131ld\u0131. \u00d6te yandan bayg\u0131n halde bulunan Ali Bozk\u0131r\u2019dan d\u00fcnden bu yana haber al\u0131namad\u0131\u011f\u0131 \u00f6\u011frenilirken, olayla ilgili inceleme ba\u015flat\u0131ld\u0131.<br \/><\/p>\n","protected":false},"excerpt":{"rendered":"<p>Ayd\u0131n\u2019\u0131n Kuyucak il\u00e7esinde dere kenar\u0131nda d\u00fc\u015fen ve bayg\u0131n halde bulunan 60 ya\u015f\u0131ndaki Ali Bozk\u0131r, ekiplerin h\u0131zl\u0131 m\u00fcdahalesiyle kurtar\u0131ld\u0131. Olay, Kuyucak il\u00e7esi Derek\u00f6y Mahallesi\u2019nde saat 13.00 s\u0131ralar\u0131nda meydana geldi. Edinilen bilgiye g\u00f6re da\u011fl\u0131k alana kekik toplamak i\u00e7in \u00e7\u0131kan Ali Bozk\u0131r (60), hen\u00fcz bilinmeyen bir nedenle bayg\u0131nl\u0131k ge\u00e7irerek dere kenar\u0131na d\u00fc\u015ft\u00fc. Bozk\u0131r\u2019\u0131 bayg\u0131n halde g\u00f6ren vatanda\u015flar durumu&#8230;<\/p>\n","protected":false},"author":1,"featured_media":44809,"comment_status":"open","ping_status":"open","sticky":false,"template":"","format":"standard","meta":{"_crdt_document":"","footnotes":""},"categories":[5],"tags":[],"class_list":["post-44808","post","type-post","status-publish","format-standard","has-post-thumbnail","hentry","category-asayis"],"_links":{"self":[{"href":"https:\/\/www.egemtv.com\/index.php?rest_route=\/wp\/v2\/posts\/44808","targetHints":{"allow":["GET"]}}],"collection":[{"href":"https:\/\/www.egemtv.com\/index.php?rest_route=\/wp\/v2\/posts"}],"about":[{"href":"https:\/\/www.egemtv.com\/index.php?rest_route=\/wp\/v2\/types\/post"}],"author":[{"embeddable":true,"href":"https:\/\/www.egemtv.com\/index.php?rest_route=\/wp\/v2\/users\/1"}],"replies":[{"embeddable":true,"href":"https:\/\/www.egemtv.com\/index.php?rest_route=%2Fwp%2Fv2%2Fcomments&post=44808"}],"version-history":[{"count":1,"href":"https:\/\/www.egemtv.com\/index.php?rest_route=\/wp\/v2\/posts\/44808\/revisions"}],"predecessor-version":[{"id":44810,"href":"https:\/\/www.egemtv.com\/index.php?rest_route=\/wp\/v2\/posts\/44808\/revisions\/44810"}],"wp:featuredmedia":[{"embeddable":true,"href":"https:\/\/www.egemtv.com\/index.php?rest_route=\/wp\/v2\/media\/44809"}],"wp:attachment":[{"href":"https:\/\/www.egemtv.com\/index.php?rest_route=%2Fwp%2Fv2%2Fmedia&parent=44808"}],"wp:term":[{"taxonomy":"category","embeddable":true,"href":"https:\/\/www.egemtv.com\/index.php?rest_route=%2Fwp%2Fv2%2Fcategories&post=44808"},{"taxonomy":"post_tag","embeddable":true,"href":"https:\/\/www.egemtv.com\/index.php?rest_route=%2Fwp%2Fv2%2Ftags&post=44808"}],"curies":[{"name":"wp","href":"https:\/\/api.w.org\/{rel}","templated":true}]}}