{"id":44805,"date":"2025-07-26T20:54:52","date_gmt":"2025-07-26T17:54:52","guid":{"rendered":"https:\/\/www.egemtv.com\/?p=44805"},"modified":"2025-07-26T20:54:53","modified_gmt":"2025-07-26T17:54:53","slug":"beyaz-kumlari-ve-mavi-sulariyla-salda-lake-triatlon-nefes-kesti","status":"publish","type":"post","link":"https:\/\/www.egemtv.com\/?p=44805","title":{"rendered":"Beyaz kumlar\u0131 ve mavi sular\u0131yla Salda Lake Triatlon nefes kesti"},"content":{"rendered":"<p>T\u00fcrkiye\u2019nin Maldivleri Salda G\u00f6l\u00fc, Burdur\u2019un ilk triatlonunda 344 sporcunun m\u00fccadelesine sahne oldu. Sporcular hem g\u00f6l\u00fcn e\u015fsiz do\u011fas\u0131nda yar\u0131\u015ft\u0131 hem de unutulmaz bir deneyim ya\u015fad\u0131.<br \/>\n<br \/>T\u00fcrkiye\u2019nin Maldivleri olarak bilinen, beyaz kumsallar\u0131 ve turkuaz sular\u0131yla \u00fcn kazanan Salda G\u00f6l\u00fc, bu kez sporun enerjisiyle renklendi. Burdur\u2019da iki farkl\u0131 kategoride 700 sporcunun kay\u0131t yapt\u0131rd\u0131\u011f\u0131 yar\u0131\u015flarda 344 sporcunun kat\u0131l\u0131m\u0131yla olimpik ve sprint olmak \u00fczere iki farkl\u0131 kategoride yar\u0131\u015fan sporcular Salda G\u00f6l\u00fc\u2019n\u00fcn hem berrak sular\u0131n\u0131n hem de do\u011fas\u0131n\u0131n tad\u0131n\u0131 \u00e7\u0131kard\u0131.<br \/>\n<br \/>Sabah saatlerinde ba\u015flayan olimpik yar\u0131\u015fta 157 sporcu g\u00f6lde 1500 metre y\u00fcz\u00fcp, g\u00f6l \u00e7evresinde 40 kilometre bisiklet s\u00fcr\u00fcp, 10 km ko\u015farken toplam 51 bin 500 metre yar\u0131\u015fan sporculardan erkeklerde milli paratriatlet U\u011furcan \u00d6zer, kad\u0131nlarda ise Yaren Demird\u00f6\u011fenler birinci oldu.<br \/>\n<br \/>\u00d6\u011fleden sonra ger\u00e7ekle\u015fen sprint yar\u0131\u015f\u0131nda ise 187 sporcu 750 metre y\u00fcz\u00fcp, g\u00f6l \u00e7evresinde 20 km bisiklet s\u00fcr\u00fcp, 5 kilometre ko\u015farak toplam 26 km yar\u0131\u015f\u0131rken erkekler de Mikhail Venediktov kad\u0131nlarda ise \u00d6zlenen \u0130pek G\u00fcnad birinci oldu.<\/p>\n<p>&#8220;Yar\u0131\u015f\u0131n as\u0131l amac\u0131 zevk almakt\u0131r&#8221;<br \/>\n<br \/>Olimpik yar\u0131\u015fta erkeklerde birinci olan milli paratriatlet U\u011furcan \u00d6zer, &#8220;Salda gibi \u00f6zel bir g\u00f6le sahip olmas\u0131 inan\u0131lmaz bir \u015fey. Ger\u00e7ekten dedikleri kadar varm\u0131\u015f. Ben ilk defa geliyorum ve yar\u0131\u015fta \u00e7ok e\u011flendim. Zaten yar\u0131\u015f\u0131n as\u0131l amac\u0131 zevk almakt\u0131r. Bu \u00f6d\u00fcl\u00fc gen\u00e7lere, bizi \u00f6rnek alan sporculara, arma\u011fan ediyorum. 2024\u2019te Paris\u2019te yar\u0131\u015fm\u0131\u015ft\u0131m. Tarihimizde ilk defa triatlonda T\u00fcrkiye\u2019yi olimpiyatlarda temsil ettim. \u015eimdi hedef 2028. 2028\u2019e kadar bu gibi yar\u0131\u015flar\u0131n keyfini \u00e7\u0131karmaya devam edece\u011fim&#8221; dedi.<\/p>\n<p>&#8220;\u0130lk defa b\u00f6yle g\u00fczel bir g\u00f6lde y\u00fczmek harikayd\u0131&#8221;<br \/>\n<br \/>Kad\u0131nlarda birinci Yaren Demird\u00f6\u011fenler ise, &#8220;Uzun bir sakatl\u0131k d\u00f6neminden sonra ilk defa bir olimpik triatlonda yar\u0131\u015ft\u0131m. G\u00fczel ge\u00e7ti. \u0130lk defa b\u00f6yle g\u00fczel bir yerde, g\u00f6lde y\u00fczmek harikayd\u0131 ger\u00e7ekten. S\u0131cakt\u0131 ama ben Mersin\u2019den geldi\u011fim i\u00e7in bana \u00e7ok s\u0131cak gelmedi. Harikayd\u0131. Organizasyon \u00e7ok g\u00fczeldi. \u0130yi ki burada yapm\u0131\u015flar. Farkl\u0131l\u0131k oldu bir yerde. \u00c7al\u0131\u015fan arkada\u015flara, organizasyona, sizlere \u00e7ok te\u015fekk\u00fcr ediyoruz. \u0130n\u015fallah tekrar organizasyon yap\u0131l\u0131r&#8221; \u015feklinde konu\u015ftu.<\/p>\n<p>&#8220;Burdur gezilmeye, g\u00f6r\u00fclmeye, ya\u015fanmaya de\u011fer bir \u015fehir&#8221;<br \/>\n<br \/>Burdur Valisi T\u00fclay Baydar Bilgihan ise, &#8220;700\u2019e yak\u0131n sporcumuz bu etkinliklere kay\u0131t yapt\u0131rm\u0131\u015f oldu. Etkinlikte kat\u0131l\u0131mc\u0131lar i\u00e7erisinde yerli, yabanc\u0131 sporcular da aram\u0131zda. Bu etkinliklerin \u00f6n\u00fcm\u00fczdeki s\u00fcre\u00e7te de yine \u015fehrimizin genel tan\u0131t\u0131m\u0131n\u0131n anlat\u0131lmas\u0131 noktas\u0131nda da ben \u00f6nemli katk\u0131 sunaca\u011f\u0131n\u0131 d\u00fc\u015f\u00fcn\u00fcyorum&#8221; dedi.<br \/>\n<br \/>Yar\u0131\u015fmalar\u0131n ard\u0131ndan d\u00fczenlenen t\u00f6renlerde dereceye giren sporculara madalya ve \u00f6d\u00fclleri, Burdur Valisi T\u00fclay Baydar Bilgihan, Ye\u015filova Kaymakam\u0131 Mustafa Turan, Ye\u015filova Belediye Ba\u015fkan\u0131 Okan Kurd ve Gen\u00e7lik ve Spor \u0130l M\u00fcd\u00fcr\u00fc Orhan Kemerkaya ve protokol \u00fcyeleri taraf\u0131ndan verildi. Etkinlik boyunca sporcular DJ Evren Kaya e\u015fli\u011finde m\u00fczikle e\u011flendi, g\u00fcn\u00fcn yorgunlu\u011funu att\u0131.<br \/><\/p>\n","protected":false},"excerpt":{"rendered":"<p>T\u00fcrkiye\u2019nin Maldivleri Salda G\u00f6l\u00fc, Burdur\u2019un ilk triatlonunda 344 sporcunun m\u00fccadelesine sahne oldu. Sporcular hem g\u00f6l\u00fcn e\u015fsiz do\u011fas\u0131nda yar\u0131\u015ft\u0131 hem de unutulmaz bir deneyim ya\u015fad\u0131. T\u00fcrkiye\u2019nin Maldivleri olarak bilinen, beyaz kumsallar\u0131 ve turkuaz sular\u0131yla \u00fcn kazanan Salda G\u00f6l\u00fc, bu kez sporun enerjisiyle renklendi. Burdur\u2019da iki farkl\u0131 kategoride 700 sporcunun kay\u0131t yapt\u0131rd\u0131\u011f\u0131 yar\u0131\u015flarda 344 sporcunun kat\u0131l\u0131m\u0131yla olimpik&#8230;<\/p>\n","protected":false},"author":1,"featured_media":44806,"comment_status":"open","ping_status":"open","sticky":false,"template":"","format":"standard","meta":{"_crdt_document":"","footnotes":""},"categories":[4],"tags":[],"class_list":["post-44805","post","type-post","status-publish","format-standard","has-post-thumbnail","hentry","category-spor"],"_links":{"self":[{"href":"https:\/\/www.egemtv.com\/index.php?rest_route=\/wp\/v2\/posts\/44805","targetHints":{"allow":["GET"]}}],"collection":[{"href":"https:\/\/www.egemtv.com\/index.php?rest_route=\/wp\/v2\/posts"}],"about":[{"href":"https:\/\/www.egemtv.com\/index.php?rest_route=\/wp\/v2\/types\/post"}],"author":[{"embeddable":true,"href":"https:\/\/www.egemtv.com\/index.php?rest_route=\/wp\/v2\/users\/1"}],"replies":[{"embeddable":true,"href":"https:\/\/www.egemtv.com\/index.php?rest_route=%2Fwp%2Fv2%2Fcomments&post=44805"}],"version-history":[{"count":1,"href":"https:\/\/www.egemtv.com\/index.php?rest_route=\/wp\/v2\/posts\/44805\/revisions"}],"predecessor-version":[{"id":44807,"href":"https:\/\/www.egemtv.com\/index.php?rest_route=\/wp\/v2\/posts\/44805\/revisions\/44807"}],"wp:featuredmedia":[{"embeddable":true,"href":"https:\/\/www.egemtv.com\/index.php?rest_route=\/wp\/v2\/media\/44806"}],"wp:attachment":[{"href":"https:\/\/www.egemtv.com\/index.php?rest_route=%2Fwp%2Fv2%2Fmedia&parent=44805"}],"wp:term":[{"taxonomy":"category","embeddable":true,"href":"https:\/\/www.egemtv.com\/index.php?rest_route=%2Fwp%2Fv2%2Fcategories&post=44805"},{"taxonomy":"post_tag","embeddable":true,"href":"https:\/\/www.egemtv.com\/index.php?rest_route=%2Fwp%2Fv2%2Ftags&post=44805"}],"curies":[{"name":"wp","href":"https:\/\/api.w.org\/{rel}","templated":true}]}}