{"id":44739,"date":"2025-07-26T13:54:49","date_gmt":"2025-07-26T10:54:49","guid":{"rendered":"https:\/\/www.egemtv.com\/?p=44739"},"modified":"2025-07-26T13:54:49","modified_gmt":"2025-07-26T10:54:49","slug":"kavaklidere-ilce-merkezindeki-yangin-buyumeden-kontrol-altina-alindi","status":"publish","type":"post","link":"https:\/\/www.egemtv.com\/?p=44739","title":{"rendered":"Kavakl\u0131dere il\u00e7e merkezindeki yang\u0131n b\u00fcy\u00fcmeden kontrol alt\u0131na al\u0131nd\u0131"},"content":{"rendered":"<p>Mu\u011fla\u2019n\u0131n Kavakl\u0131dere il\u00e7esi merkezinde yerle\u015fim yeri i\u00e7erisinde \u00e7\u0131kan yang\u0131n, ekiplerin h\u0131zl\u0131 m\u00fcdahalesi sayesinde ormanl\u0131k alana s\u0131\u00e7ramadan kontrol alt\u0131na al\u0131nd\u0131.<br \/>\n<br \/>\u00d6\u011flen saatlerinde hen\u00fcz belirlenemeyen bir nedenle \u00e7\u0131kan yang\u0131n\u0131 fark eden vatanda\u015flar\u0131n ihbar\u0131 \u00fczerine b\u00f6lgeye Kavakl\u0131dere Belediye Ba\u015fkanl\u0131\u011f\u0131, Orman \u0130\u015fletme M\u00fcd\u00fcrl\u00fc\u011f\u00fc ve Mu\u011fla B\u00fcy\u00fck\u015fehir Belediyesi \u0130tfaiye Daire Ba\u015fkanl\u0131\u011f\u0131 ekipleri sevk edildi. Ekiplerin koordineli ve h\u0131zl\u0131 m\u00fcdahalesi sonucu alevler, ormana ula\u015fmadan s\u00f6nd\u00fcr\u00fcld\u00fc.<br \/><\/p>\n","protected":false},"excerpt":{"rendered":"<p>Mu\u011fla\u2019n\u0131n Kavakl\u0131dere il\u00e7esi merkezinde yerle\u015fim yeri i\u00e7erisinde \u00e7\u0131kan yang\u0131n, ekiplerin h\u0131zl\u0131 m\u00fcdahalesi sayesinde ormanl\u0131k alana s\u0131\u00e7ramadan kontrol alt\u0131na al\u0131nd\u0131. \u00d6\u011flen saatlerinde hen\u00fcz belirlenemeyen bir nedenle \u00e7\u0131kan yang\u0131n\u0131 fark eden vatanda\u015flar\u0131n ihbar\u0131 \u00fczerine b\u00f6lgeye Kavakl\u0131dere Belediye Ba\u015fkanl\u0131\u011f\u0131, Orman \u0130\u015fletme M\u00fcd\u00fcrl\u00fc\u011f\u00fc ve Mu\u011fla B\u00fcy\u00fck\u015fehir Belediyesi \u0130tfaiye Daire Ba\u015fkanl\u0131\u011f\u0131 ekipleri sevk edildi. Ekiplerin koordineli ve h\u0131zl\u0131 m\u00fcdahalesi sonucu&#8230;<\/p>\n","protected":false},"author":1,"featured_media":44740,"comment_status":"open","ping_status":"open","sticky":false,"template":"","format":"standard","meta":{"_crdt_document":"","footnotes":""},"categories":[5],"tags":[],"class_list":["post-44739","post","type-post","status-publish","format-standard","has-post-thumbnail","hentry","category-asayis"],"_links":{"self":[{"href":"https:\/\/www.egemtv.com\/index.php?rest_route=\/wp\/v2\/posts\/44739","targetHints":{"allow":["GET"]}}],"collection":[{"href":"https:\/\/www.egemtv.com\/index.php?rest_route=\/wp\/v2\/posts"}],"about":[{"href":"https:\/\/www.egemtv.com\/index.php?rest_route=\/wp\/v2\/types\/post"}],"author":[{"embeddable":true,"href":"https:\/\/www.egemtv.com\/index.php?rest_route=\/wp\/v2\/users\/1"}],"replies":[{"embeddable":true,"href":"https:\/\/www.egemtv.com\/index.php?rest_route=%2Fwp%2Fv2%2Fcomments&post=44739"}],"version-history":[{"count":1,"href":"https:\/\/www.egemtv.com\/index.php?rest_route=\/wp\/v2\/posts\/44739\/revisions"}],"predecessor-version":[{"id":44741,"href":"https:\/\/www.egemtv.com\/index.php?rest_route=\/wp\/v2\/posts\/44739\/revisions\/44741"}],"wp:featuredmedia":[{"embeddable":true,"href":"https:\/\/www.egemtv.com\/index.php?rest_route=\/wp\/v2\/media\/44740"}],"wp:attachment":[{"href":"https:\/\/www.egemtv.com\/index.php?rest_route=%2Fwp%2Fv2%2Fmedia&parent=44739"}],"wp:term":[{"taxonomy":"category","embeddable":true,"href":"https:\/\/www.egemtv.com\/index.php?rest_route=%2Fwp%2Fv2%2Fcategories&post=44739"},{"taxonomy":"post_tag","embeddable":true,"href":"https:\/\/www.egemtv.com\/index.php?rest_route=%2Fwp%2Fv2%2Ftags&post=44739"}],"curies":[{"name":"wp","href":"https:\/\/api.w.org\/{rel}","templated":true}]}}