{"id":44736,"date":"2025-07-26T13:54:48","date_gmt":"2025-07-26T10:54:48","guid":{"rendered":"https:\/\/www.egemtv.com\/?p=44736"},"modified":"2025-07-26T13:54:49","modified_gmt":"2025-07-26T10:54:49","slug":"didim-belediyesinden-tarcin-aciklamasi-benzer-olayin-tekrar-yasanmamasi-icin-gerekli-tum-tedbirleri-kararlilikla-hayata-gecirecegiz","status":"publish","type":"post","link":"https:\/\/www.egemtv.com\/?p=44736","title":{"rendered":"Didim Belediyesi\u2019nden &#8220;Tar\u00e7\u0131n&#8221; a\u00e7\u0131klamas\u0131: &#8220;Benzer olay\u0131n tekrar ya\u015fanmamas\u0131 i\u00e7in gerekli t\u00fcm tedbirleri kararl\u0131l\u0131kla hayata ge\u00e7irece\u011fiz&#8221;"},"content":{"rendered":"<p>Didim Belediyesi, ge\u00e7ti\u011fimiz g\u00fcnlerde kaybolup daha sonra bulunan Tar\u00e7\u0131n isimli k\u00f6pekle ilgili kamuoyuna a\u00e7\u0131klama yaparak &#8220;Benzer olay\u0131n tekrar ya\u015fanmamas\u0131 i\u00e7in gerekli t\u00fcm tedbirleri kararl\u0131l\u0131kla hayata ge\u00e7irece\u011fiz&#8221; ifadelerini kulland\u0131.<br \/>\n<br \/>Didim Belediyesi, kaybolan &#8220;Tar\u00e7\u0131n&#8221; isimli k\u00f6pek hakk\u0131ndaki geli\u015fmelerle ilgili yapt\u0131\u011f\u0131 a\u00e7\u0131klama ile kamuoyunu bilgilendirdi. Konu ile ilgili Didim Belediyesi\u2019nden yap\u0131lan a\u00e7\u0131klamada &#8220;Didim Belediyesi olarak, kamuoyuna da yans\u0131yan ve hepimizi \u00fczen Tar\u00e7\u0131n isimli k\u00f6pek ile ilgili s\u00fcrecin geli\u015fmelerini kamuoyu ile payla\u015fma ihtiyac\u0131 do\u011fmu\u015ftur. 19 Temmuz Cumartesi g\u00fcn\u00fc, Belediyemizin bar\u0131nak hatt\u0131na gelen ihbar \u00fczerine ekiplerimiz belirtilen adrese y\u00f6nlendirilmi\u015ftir. \u0130hbarda bulunan vatanda\u015f\u0131n y\u00f6nlendirmesiyle, kendisine ait oldu\u011fu izlenimi verilen ancak sonradan ba\u015fka bir ki\u015fiye ait oldu\u011fu anla\u015f\u0131lan bir bah\u00e7eye girilmi\u015f ve k\u00f6pek buradan al\u0131narak Sokak Hayvanlar\u0131 Koruma ve Rehabilitasyon Merkezimize getirilmi\u015ftir. Merkezimizde yap\u0131lan incelemelerde, k\u00f6pe\u011fin daha \u00f6nce de Bar\u0131na\u011f\u0131m\u0131za getirildi\u011fi, mevzuat gere\u011fi i\u015flemlerinin yap\u0131larak kula\u011f\u0131na k\u00fcpe tak\u0131ld\u0131\u011f\u0131 ve bu zamana kadar herhangi bir sahiplendirme ba\u015fvurusu olmad\u0131\u011f\u0131 tespit edilmi\u015ftir. Kontrollerin ard\u0131ndan k\u00f6pek padok 2\u2019ye yerle\u015ftirilmi\u015ftir. 20 Temmuz Pazar g\u00fcn\u00fc \u00f6\u011fleden sonra bar\u0131na\u011f\u0131m\u0131zda meydana gelen elektrik kesintisi nedeniyle g\u00fcvenlik kameralar\u0131 bir s\u00fcre devre d\u0131\u015f\u0131 kalm\u0131\u015ft\u0131r. 22 Temmuz Sal\u0131 g\u00fcn\u00fc ise bir vatanda\u015f\u0131m\u0131z bar\u0131na\u011fa gelerek, al\u0131nan k\u00f6pe\u011fin kendi k\u00f6pe\u011fi oldu\u011funu ve bah\u00e7enin kendisine ait oldu\u011funu beyan etmi\u015ftir. Bu beyanla birlikte k\u00f6pe\u011fin ad\u0131n\u0131n &#8220;Tar\u00e7\u0131n&#8221; oldu\u011fu anla\u015f\u0131lm\u0131\u015ft\u0131r. Bunun \u00fczerine bar\u0131nak ve sahada ilgili g\u00fcn\u00fcn t\u00fcm kamera kay\u0131tlar\u0131 tek tek incelenmi\u015f, ancak dostumuzun kayboldu\u011fu s\u0131rada elektrik kesintisinden dolay\u0131 bir kay\u0131t olmad\u0131\u011f\u0131ndan, o a\u015famada net bir sonuca ula\u015f\u0131lamam\u0131\u015ft\u0131r. Olayla ilgili \u00f6n inceleme ba\u015flat\u0131lm\u0131\u015f; kaybolma s\u0131ras\u0131nda sadece bar\u0131nakta ya\u015fanan elektrik kesintisinin \u015f\u00fcpheli olmas\u0131, elde edilen inceleme sonu\u00e7lar\u0131n\u0131n yeterli olmamas\u0131 ve olay\u0131n adli bir boyut kazanmas\u0131 nedeniyle, Belediye Ba\u015fkan\u0131m\u0131z Sn. Hatice Gen\u00e7ay\u2019\u0131n talimatlar\u0131 do\u011frultusunda Belediyemiz avukat\u0131 taraf\u0131ndan 24 Temmuz \u00c7ar\u015famba ak\u015fam\u0131 saat 21.52\u2019de Alt\u0131nkum \u015eehit Fethi Sekin Polis Merkezi Amirli\u011fine ba\u015fvurularak, Tar\u00e7\u0131n\u2019\u0131n kayboldu\u011fu s\u0131rada g\u00f6revli personeller hakk\u0131nda soru\u015fturma ba\u015flat\u0131lmas\u0131 i\u00e7in ihbarda bulunulmu\u015ftur. \u0130hbar\u0131n hemen ard\u0131ndan Tar\u00e7\u0131n, hayvan haklar\u0131 dernekleri ve g\u00f6n\u00fcll\u00fclerin \u00e7abas\u0131yla bulunmu\u015f ve bar\u0131na\u011fa ba\u015fvuru yapan vatanda\u015fa g\u00f6n\u00fcll\u00fcler taraf\u0131ndan teslim edilmi\u015ftir. Her ne kadar belediyemiz iyi niyetle hareket etmi\u015f ve s\u00fcre\u00e7 boyunca sorumluluklar\u0131n\u0131 yerine getirmeye \u00e7al\u0131\u015fm\u0131\u015f olsa da, b\u00f6yle bir olay\u0131n ya\u015fanmas\u0131 bizleri derinden \u00fczm\u00fc\u015ft\u00fcr. Sokak hayvanlar\u0131n\u0131n can\u0131 ve g\u00fcvenli\u011fi, bizim i\u00e7in her \u015feyden \u00f6nce gelir. Bu olay, sorumlulu\u011fumuzun b\u00fcy\u00fckl\u00fc\u011f\u00fcn\u00fc bir kez daha hat\u0131rlatm\u0131\u015ft\u0131r. Bu s\u00fcre\u00e7ten ders \u00e7\u0131kararak, sahiplendirme s\u00fcrecinden bar\u0131nak g\u00fcvenli\u011fine kadar t\u00fcm i\u015fleyi\u015fimizi g\u00f6zden ge\u00e7irecek; benzer bir olay\u0131n tekrar ya\u015fanmamas\u0131 i\u00e7in gerekli t\u00fcm tedbirleri kararl\u0131l\u0131kla hayata ge\u00e7irece\u011fiz. Bu s\u00fcre\u00e7te duyarl\u0131l\u0131k g\u00f6steren t\u00fcm g\u00f6n\u00fcll\u00fclerimize ve hayvan haklar\u0131 derneklerine te\u015fekk\u00fcr ediyor; Tar\u00e7\u0131n gibi her can\u0131n g\u00fcven ve huzur i\u00e7inde ya\u015famas\u0131 i\u00e7in \u00e7al\u0131\u015fmalar\u0131m\u0131z\u0131 ayn\u0131 kararl\u0131l\u0131k ve hassasiyetle s\u00fcrd\u00fcrece\u011fimizi kamuoyuna sayg\u0131yla duyuruyoruz&#8221; ifadeleri yer ald\u0131.<br \/><\/p>\n","protected":false},"excerpt":{"rendered":"<p>Didim Belediyesi, ge\u00e7ti\u011fimiz g\u00fcnlerde kaybolup daha sonra bulunan Tar\u00e7\u0131n isimli k\u00f6pekle ilgili kamuoyuna a\u00e7\u0131klama yaparak &#8220;Benzer olay\u0131n tekrar ya\u015fanmamas\u0131 i\u00e7in gerekli t\u00fcm tedbirleri kararl\u0131l\u0131kla hayata ge\u00e7irece\u011fiz&#8221; ifadelerini kulland\u0131. Didim Belediyesi, kaybolan &#8220;Tar\u00e7\u0131n&#8221; isimli k\u00f6pek hakk\u0131ndaki geli\u015fmelerle ilgili yapt\u0131\u011f\u0131 a\u00e7\u0131klama ile kamuoyunu bilgilendirdi. Konu ile ilgili Didim Belediyesi\u2019nden yap\u0131lan a\u00e7\u0131klamada &#8220;Didim Belediyesi olarak, kamuoyuna da yans\u0131yan&#8230;<\/p>\n","protected":false},"author":1,"featured_media":44737,"comment_status":"open","ping_status":"open","sticky":false,"template":"","format":"standard","meta":{"_crdt_document":"","footnotes":""},"categories":[1],"tags":[],"class_list":["post-44736","post","type-post","status-publish","format-standard","has-post-thumbnail","hentry","category-guncel"],"_links":{"self":[{"href":"https:\/\/www.egemtv.com\/index.php?rest_route=\/wp\/v2\/posts\/44736","targetHints":{"allow":["GET"]}}],"collection":[{"href":"https:\/\/www.egemtv.com\/index.php?rest_route=\/wp\/v2\/posts"}],"about":[{"href":"https:\/\/www.egemtv.com\/index.php?rest_route=\/wp\/v2\/types\/post"}],"author":[{"embeddable":true,"href":"https:\/\/www.egemtv.com\/index.php?rest_route=\/wp\/v2\/users\/1"}],"replies":[{"embeddable":true,"href":"https:\/\/www.egemtv.com\/index.php?rest_route=%2Fwp%2Fv2%2Fcomments&post=44736"}],"version-history":[{"count":1,"href":"https:\/\/www.egemtv.com\/index.php?rest_route=\/wp\/v2\/posts\/44736\/revisions"}],"predecessor-version":[{"id":44738,"href":"https:\/\/www.egemtv.com\/index.php?rest_route=\/wp\/v2\/posts\/44736\/revisions\/44738"}],"wp:featuredmedia":[{"embeddable":true,"href":"https:\/\/www.egemtv.com\/index.php?rest_route=\/wp\/v2\/media\/44737"}],"wp:attachment":[{"href":"https:\/\/www.egemtv.com\/index.php?rest_route=%2Fwp%2Fv2%2Fmedia&parent=44736"}],"wp:term":[{"taxonomy":"category","embeddable":true,"href":"https:\/\/www.egemtv.com\/index.php?rest_route=%2Fwp%2Fv2%2Fcategories&post=44736"},{"taxonomy":"post_tag","embeddable":true,"href":"https:\/\/www.egemtv.com\/index.php?rest_route=%2Fwp%2Fv2%2Ftags&post=44736"}],"curies":[{"name":"wp","href":"https:\/\/api.w.org\/{rel}","templated":true}]}}