{"id":44733,"date":"2025-07-26T13:54:47","date_gmt":"2025-07-26T10:54:47","guid":{"rendered":"https:\/\/www.egemtv.com\/?p=44733"},"modified":"2025-07-26T13:54:48","modified_gmt":"2025-07-26T10:54:48","slug":"kirkagac-kavunu-abden-tescil-alan-38-urun-oldu","status":"publish","type":"post","link":"https:\/\/www.egemtv.com\/?p=44733","title":{"rendered":"K\u0131rka\u011fa\u00e7 Kavunu AB\u2019den tescil alan 38. \u00fcr\u00fcn oldu"},"content":{"rendered":"<p>Manisa\u2019n\u0131n K\u0131rka\u011fa\u00e7 il\u00e7esinin d\u00fcnyaca \u00fcnl\u00fc kavunu AB\u2019den tescil alan 38. \u00fcr\u00fcn oldu.<br \/>\n<br \/>Yakla\u015f\u0131k 3 ay \u00f6nce AB b\u00fclteninde yay\u0131mlanan K\u0131rka\u011fa\u00e7 Kavunu AB Co\u011frafi Tescil belgesi yasal itiraz s\u00fcresi sonunda herhangi bir itiraz olmad\u0131\u011f\u0131ndan AB b\u00fclteninde kesinlik kazanarak ilan edildi.<br \/>\n<br \/>Kavunuyla \u00fcnl\u00fc K\u0131rka\u011fa\u00e7 il\u00e7esinde 2008 y\u0131l\u0131nda T\u00fcrk Patent kurumu taraf\u0131ndan Co\u011frafi Tescil Belgesi al\u0131nan K\u0131rka\u011fa\u00e7 Kavununa, AB Co\u011frafi Tescil Belgesi alabilmesi amac\u0131yla 2021 y\u0131l\u0131nda d\u00f6nemin Kaymakam\u0131 Murat B\u00fcy\u00fckk\u00f6se \u00f6nc\u00fcl\u00fc\u011f\u00fcnde K\u0131rka\u011fa\u00e7 Kaymakaml\u0131\u011f\u0131 AB Proje ofisince haz\u0131rlanan &#8220;K\u0131rka\u011fa\u00e7 Kavunu AB Co\u011frafi Tescili Hak Ediyor&#8221; adl\u0131 proje Zafer Kalk\u0131nma Ajans\u0131n\u0131n deste\u011fi ile &#8220;AB Co\u011frafi&#8221; \u0130\u015faret ba\u015fvurusu yap\u0131lm\u0131\u015ft\u0131.<br \/>\n<br \/>Konuyla ilgili bir a\u00e7\u0131klama yapan Soma Ticaret Odas\u0131 Ba\u015fkan\u0131 Cem Do\u011fan, &#8220;K\u0131rka\u011fa\u00e7 Kavununun Avrupa Birli\u011fi taraf\u0131ndan Co\u011frafi \u0130\u015faretle tescillenmesi, b\u00f6lgemizin tar\u0131msal potansiyelinin tescilidir. Bu tescil sayesinde \u00fcr\u00fcn\u00fcm\u00fcz, uluslararas\u0131 pazarda daha g\u00fc\u00e7l\u00fc, daha g\u00fcvenilir ve daha tan\u0131n\u0131r bir konuma ula\u015facakt\u0131r. Bu ayn\u0131 zamanda \u00fcreticilerimize daha y\u00fcksek katma de\u011fer, t\u00fcketicilere ise g\u00fcvenilir bir \u00fcr\u00fcn sunma f\u0131rsat\u0131 sunacakt\u0131r. Soma TSO olarak yerel de\u011ferlerimizin korunmas\u0131, markala\u015fmas\u0131 ve d\u00fcnya pazarlar\u0131nda hak etti\u011fi yeri almas\u0131 i\u00e7in \u00fczerimize d\u00fc\u015fen t\u00fcm sorumluluklar\u0131 almaya devam edece\u011fiz. K\u0131rka\u011fa\u00e7 Kavunu gibi e\u015fsiz \u00fcr\u00fcnlerimizin d\u00fcnya \u00e7ap\u0131nda tan\u0131nmas\u0131, yaln\u0131zca ekonomik de\u011fil k\u00fclt\u00fcrel anlamda da b\u00f6lgemize \u00f6nemli katk\u0131lar sa\u011flayacakt\u0131r. Ba\u015fta \u00fcreticilerimiz olmak \u00fczere eme\u011fi ge\u00e7en t\u00fcm kurum ve ki\u015fileri g\u00f6n\u00fclden tebrik ediyor, bu tescilin b\u00f6lgemiz tar\u0131m\u0131na ve ekonomisine hay\u0131rl\u0131 olmas\u0131n\u0131 diliyorum. K\u0131rka\u011fa\u00e7 Kavununun bu tescille birlikte ambalajlar\u0131nda AB Co\u011frafi \u0130\u015faret logosunu ta\u015f\u0131ma hakk\u0131 kazanmas\u0131, \u00fcr\u00fcn\u00fcn pazarlama g\u00fcc\u00fcn\u00fc art\u0131racak ve sahtecili\u011fe kar\u015f\u0131 koruma sa\u011flayacakt\u0131r. Ayr\u0131ca bu geli\u015fme, b\u00f6lgesel kalk\u0131nmaya ve s\u00fcrd\u00fcr\u00fclebilir tar\u0131m politikalar\u0131na da ciddi katk\u0131 sunacakt\u0131r&#8221; dedi.<br \/>\n<br \/>K\u0131rka\u011fa\u00e7 Ziraat Odas\u0131 Ba\u015fkan\u0131 Emin \u00d6zar\u0131\u2019da bu \u00f6nemli geli\u015fme i\u00e7in \u00e7ok mutlu olduklar\u0131n\u0131, uzun y\u0131llard\u0131r verdikleri m\u00fccadelenin sonunda ama\u00e7lar\u0131na ula\u015ft\u0131klar\u0131n\u0131 belirterek eme\u011fi ge\u00e7en herkese te\u015fekk\u00fcr etti.<br \/>\n<br \/>K\u0131rka\u011fa\u00e7 Kavununun tescilinin yay\u0131mland\u0131\u011f\u0131n\u0131 belirten K\u0131rka\u011fa\u00e7 Kaymakam\u0131 Zafer Oktay ise bunun il\u00e7e ve b\u00f6lge i\u00e7in b\u00fcy\u00fck bir kazan\u0131m oldu\u011funu vurgulad\u0131.<br \/>\n<br \/>K\u0131rka\u011fa\u00e7 Kavununun uzun raf \u00f6mr\u00fc, kendine \u00f6zg\u00fc aromas\u0131 ve lezzetiyle bilindi\u011fini ifade eden Oktay, Avrupa Birli\u011fi tesciliyle bu \u00f6zel \u00fcr\u00fcn\u00fcn uluslararas\u0131 alanda tan\u0131n\u0131rl\u0131k kazand\u0131\u011f\u0131n\u0131 s\u00f6yledi.<br \/>\n<br \/>Oktay, tescil s\u00fcrecinde eme\u011fi ge\u00e7en t\u00fcm ki\u015fi ve kurumlara te\u015fekk\u00fcr etti.<br \/><\/p>\n","protected":false},"excerpt":{"rendered":"<p>Manisa\u2019n\u0131n K\u0131rka\u011fa\u00e7 il\u00e7esinin d\u00fcnyaca \u00fcnl\u00fc kavunu AB\u2019den tescil alan 38. \u00fcr\u00fcn oldu. Yakla\u015f\u0131k 3 ay \u00f6nce AB b\u00fclteninde yay\u0131mlanan K\u0131rka\u011fa\u00e7 Kavunu AB Co\u011frafi Tescil belgesi yasal itiraz s\u00fcresi sonunda herhangi bir itiraz olmad\u0131\u011f\u0131ndan AB b\u00fclteninde kesinlik kazanarak ilan edildi. Kavunuyla \u00fcnl\u00fc K\u0131rka\u011fa\u00e7 il\u00e7esinde 2008 y\u0131l\u0131nda T\u00fcrk Patent kurumu taraf\u0131ndan Co\u011frafi Tescil Belgesi al\u0131nan K\u0131rka\u011fa\u00e7 Kavununa,&#8230;<\/p>\n","protected":false},"author":1,"featured_media":44734,"comment_status":"open","ping_status":"open","sticky":false,"template":"","format":"standard","meta":{"_crdt_document":"","footnotes":""},"categories":[125],"tags":[],"class_list":["post-44733","post","type-post","status-publish","format-standard","has-post-thumbnail","hentry","category-ekonomi"],"_links":{"self":[{"href":"https:\/\/www.egemtv.com\/index.php?rest_route=\/wp\/v2\/posts\/44733","targetHints":{"allow":["GET"]}}],"collection":[{"href":"https:\/\/www.egemtv.com\/index.php?rest_route=\/wp\/v2\/posts"}],"about":[{"href":"https:\/\/www.egemtv.com\/index.php?rest_route=\/wp\/v2\/types\/post"}],"author":[{"embeddable":true,"href":"https:\/\/www.egemtv.com\/index.php?rest_route=\/wp\/v2\/users\/1"}],"replies":[{"embeddable":true,"href":"https:\/\/www.egemtv.com\/index.php?rest_route=%2Fwp%2Fv2%2Fcomments&post=44733"}],"version-history":[{"count":1,"href":"https:\/\/www.egemtv.com\/index.php?rest_route=\/wp\/v2\/posts\/44733\/revisions"}],"predecessor-version":[{"id":44735,"href":"https:\/\/www.egemtv.com\/index.php?rest_route=\/wp\/v2\/posts\/44733\/revisions\/44735"}],"wp:featuredmedia":[{"embeddable":true,"href":"https:\/\/www.egemtv.com\/index.php?rest_route=\/wp\/v2\/media\/44734"}],"wp:attachment":[{"href":"https:\/\/www.egemtv.com\/index.php?rest_route=%2Fwp%2Fv2%2Fmedia&parent=44733"}],"wp:term":[{"taxonomy":"category","embeddable":true,"href":"https:\/\/www.egemtv.com\/index.php?rest_route=%2Fwp%2Fv2%2Fcategories&post=44733"},{"taxonomy":"post_tag","embeddable":true,"href":"https:\/\/www.egemtv.com\/index.php?rest_route=%2Fwp%2Fv2%2Ftags&post=44733"}],"curies":[{"name":"wp","href":"https:\/\/api.w.org\/{rel}","templated":true}]}}