{"id":44730,"date":"2025-07-26T13:54:46","date_gmt":"2025-07-26T10:54:46","guid":{"rendered":"https:\/\/www.egemtv.com\/?p=44730"},"modified":"2025-07-26T13:54:47","modified_gmt":"2025-07-26T10:54:47","slug":"muglalilari-kadinlar-tasiyor","status":"publish","type":"post","link":"https:\/\/www.egemtv.com\/?p=44730","title":{"rendered":"Mu\u011flal\u0131lar\u0131 kad\u0131nlar ta\u015f\u0131yor"},"content":{"rendered":"<p>Mu\u011fla B\u00fcy\u00fck\u015fehir Belediyesi\u2019nde direksiyon ba\u015f\u0131nda art\u0131k kad\u0131nlar da var. Toplam 29 kad\u0131n otob\u00fcs \u015fof\u00f6r\u00fc, y\u0131llard\u0131r \u2018Erkek mesle\u011fi\u2019 olarak g\u00f6r\u00fclen toplu ta\u015f\u0131ma alan\u0131nda emekleriyle \u00f6ne \u00e7\u0131k\u0131yor, \u015fehir i\u00e7i ula\u015f\u0131mda g\u00fcvenli, sayg\u0131l\u0131 ve \u00f6zverili hizmet sunuyor. Direksiyon ba\u015f\u0131ndaki kad\u0131nlar, yaln\u0131zca ara\u00e7 de\u011fil, ayn\u0131 zamanda toplumun zihin kal\u0131plar\u0131n\u0131 da ba\u015far\u0131yla y\u00f6netiyor.<br \/>\n<br \/>Sabah\u0131n erken saatlerinden gece ge\u00e7 saatlere kadar \u00e7al\u0131\u015fan kad\u0131n \u015fof\u00f6rler, g\u00fcler y\u00fczl\u00fc tav\u0131rlar\u0131 ve dikkatli s\u00fcr\u00fc\u015fleriyle hem yolculardan hem de mesai arkada\u015flar\u0131ndan tam not al\u0131yor. Yolcular\u0131n b\u00fcy\u00fck b\u00f6l\u00fcm\u00fc kad\u0131n \u015fof\u00f6rlerle yolculuk yapmaktan memnuniyet duyduklar\u0131n\u0131 dile getiriyor.<br \/>\n<br \/>Mu\u011fla B\u00fcy\u00fck\u015fehir Belediyesi\u2019nin bu ad\u0131m\u0131, sadece ula\u015f\u0131m alan\u0131nda de\u011fil, toplumun her alan\u0131nda kad\u0131nlar\u0131n g\u00fc\u00e7l\u00fc varl\u0131\u011f\u0131na duyulan ihtiyac\u0131 da g\u00f6zler \u00f6n\u00fcne seriyor. Kad\u0131nlar yaln\u0131zca evde de\u011fil, yolda da, i\u015f yerinde de, toplumsal hayat\u0131n her alan\u0131nda \u2018Ben de var\u0131m\u2019 demeye devam ediyor.<br \/>\n<br \/>6 y\u0131ld\u0131r otob\u00fcs \u015fof\u00f6rl\u00fc\u011f\u00fc yapan Banu Yapa Gevi\u015fen, &#8220;B\u00fcy\u00fck\u015fehir Belediyesi\u2019nde otob\u00fcs \u015fof\u00f6r\u00fc olarak alt\u0131nc\u0131 y\u0131l\u0131m\u0131 tamaml\u0131yorum. Kad\u0131n \u015fof\u00f6r olarak \u00e7al\u0131\u015fmak \u00e7ok gurur verici. Baba mesle\u011fi benim. Babamdan da al\u0131\u015ft\u0131\u011f\u0131m i\u00e7in art\u0131 i\u00e7imde vard\u0131 zaten. Mu\u011fla\u2019da \u00e7ok aktif kad\u0131nlar g\u00f6r\u00fcnce bu i\u015fi yapar\u0131m dedim&#8221; dedi.<br \/>\n<br \/>E\u015finin en b\u00fcy\u00fck destek\u00e7isi oldu\u011funu dile getiren G\u00fclfiye Yeniak\u00e7a, &#8220;\u00dc\u00e7 y\u0131ld\u0131r bu i\u015fi yap\u0131yorum. \u00c7ok mutluyum. Zaten en b\u00fcy\u00fck destek\u00e7im de e\u015fimdi bu konuda. B\u00fcy\u00fck destek oldu. Sen yapars\u0131n \u015feklinde s\u00fcrekli her g\u00fcn destekledi beni. Trafikte olmak \u00e7ok zor. \u00d6zellikle Mu\u011fla turizm b\u00f6lgesi oldu\u011fu i\u00e7in, \u00f6zellikle yaz aylar\u0131nda da \u00e7ok fazla farkl\u0131 \u015fehirlerden gelen gidenler oldu\u011fu i\u00e7in, farkl\u0131 \u015fehirlerden gelen \u015fof\u00f6rler \u00f6nce bir \u015f\u00f6yle bak\u0131yor. B\u00f6yle bir \u015fa\u015f\u0131r\u0131p vav diyor. Ondan sonra tabii olumsuz bakanlar daha da oluyor. Genel zaman yolcular\u0131m\u0131zdan \u00e7ok iyi notlar al\u0131yoruz. Yani kad\u0131n \u015fof\u00f6rlerin  erkeklerden daha g\u00fczel kulland\u0131\u011f\u0131m\u0131 s\u00f6yl\u00fcyorlar&#8221; diye konu\u015ftu.<br \/>\n<br \/>Burada b\u00fcy\u00fck bir aile olmak istediklerini anlatan Hanife Duysak, &#8220;Hemen hemen d\u00f6rt y\u0131la yakla\u015ft\u0131. Gurur duyuyorum \u00f6ncelikle. Zaten arabalar\u0131 \u00e7ok sevdi\u011fim i\u00e7in b\u00f6yle bir zaaf\u0131m vard\u0131 arabalara. K\u00fc\u00e7\u00fckl\u00fckten beri. \u015eof\u00f6rl\u00fc\u011fe ge\u00e7tikten sonra da \u00e7ok fazla tebrikler al\u0131yoruz. Yayalar, motokuryeler, motosikletler \u00e7ok fazla. Bilin\u00e7sizce araba kullananlar \u00e7ok fazla. Zaten bayan oldu\u011fumuzu g\u00f6rd\u00fcklerinde daha \u00e7ok \u00fcst\u00fcm\u00fcze geliyorlar. Haks\u0131zlarken bile b\u00fcy\u00fck tepkiler alabiliyoruz. K\u0131rm\u0131z\u0131 \u0131\u015f\u0131kta beklerken bile taksinin i\u00e7inde bir turistin alk\u0131\u015flarla tebrik etti\u011fini \u015fahit oldu. Kad\u0131n \u015fof\u00f6rlerimiz \u00e7o\u011fals\u0131n isterim. Yapamaz denilenlere \u00e7ok \u015f\u00fck\u00fcr ba\u015far\u0131yoruz kad\u0131n olarak&#8221;<br \/><\/p>\n","protected":false},"excerpt":{"rendered":"<p>Mu\u011fla B\u00fcy\u00fck\u015fehir Belediyesi\u2019nde direksiyon ba\u015f\u0131nda art\u0131k kad\u0131nlar da var. Toplam 29 kad\u0131n otob\u00fcs \u015fof\u00f6r\u00fc, y\u0131llard\u0131r \u2018Erkek mesle\u011fi\u2019 olarak g\u00f6r\u00fclen toplu ta\u015f\u0131ma alan\u0131nda emekleriyle \u00f6ne \u00e7\u0131k\u0131yor, \u015fehir i\u00e7i ula\u015f\u0131mda g\u00fcvenli, sayg\u0131l\u0131 ve \u00f6zverili hizmet sunuyor. Direksiyon ba\u015f\u0131ndaki kad\u0131nlar, yaln\u0131zca ara\u00e7 de\u011fil, ayn\u0131 zamanda toplumun zihin kal\u0131plar\u0131n\u0131 da ba\u015far\u0131yla y\u00f6netiyor. Sabah\u0131n erken saatlerinden gece ge\u00e7 saatlere kadar&#8230;<\/p>\n","protected":false},"author":1,"featured_media":44731,"comment_status":"open","ping_status":"open","sticky":false,"template":"","format":"standard","meta":{"_crdt_document":"","footnotes":""},"categories":[123],"tags":[],"class_list":["post-44730","post","type-post","status-publish","format-standard","has-post-thumbnail","hentry","category-gundem"],"_links":{"self":[{"href":"https:\/\/www.egemtv.com\/index.php?rest_route=\/wp\/v2\/posts\/44730","targetHints":{"allow":["GET"]}}],"collection":[{"href":"https:\/\/www.egemtv.com\/index.php?rest_route=\/wp\/v2\/posts"}],"about":[{"href":"https:\/\/www.egemtv.com\/index.php?rest_route=\/wp\/v2\/types\/post"}],"author":[{"embeddable":true,"href":"https:\/\/www.egemtv.com\/index.php?rest_route=\/wp\/v2\/users\/1"}],"replies":[{"embeddable":true,"href":"https:\/\/www.egemtv.com\/index.php?rest_route=%2Fwp%2Fv2%2Fcomments&post=44730"}],"version-history":[{"count":1,"href":"https:\/\/www.egemtv.com\/index.php?rest_route=\/wp\/v2\/posts\/44730\/revisions"}],"predecessor-version":[{"id":44732,"href":"https:\/\/www.egemtv.com\/index.php?rest_route=\/wp\/v2\/posts\/44730\/revisions\/44732"}],"wp:featuredmedia":[{"embeddable":true,"href":"https:\/\/www.egemtv.com\/index.php?rest_route=\/wp\/v2\/media\/44731"}],"wp:attachment":[{"href":"https:\/\/www.egemtv.com\/index.php?rest_route=%2Fwp%2Fv2%2Fmedia&parent=44730"}],"wp:term":[{"taxonomy":"category","embeddable":true,"href":"https:\/\/www.egemtv.com\/index.php?rest_route=%2Fwp%2Fv2%2Fcategories&post=44730"},{"taxonomy":"post_tag","embeddable":true,"href":"https:\/\/www.egemtv.com\/index.php?rest_route=%2Fwp%2Fv2%2Ftags&post=44730"}],"curies":[{"name":"wp","href":"https:\/\/api.w.org\/{rel}","templated":true}]}}