{"id":44550,"date":"2025-07-25T15:34:54","date_gmt":"2025-07-25T12:34:54","guid":{"rendered":"https:\/\/www.egemtv.com\/?p=44550"},"modified":"2025-07-25T15:34:55","modified_gmt":"2025-07-25T12:34:55","slug":"teknede-cikan-kavgada-hayatini-kaybeden-onatin-ailesi-adalete-guveniyoruz","status":"publish","type":"post","link":"https:\/\/www.egemtv.com\/?p=44550","title":{"rendered":"Teknede \u00e7\u0131kan kavgada hayat\u0131n\u0131 kaybeden Onat\u2019\u0131n ailesi: &#8220;Adalete g\u00fcveniyoruz&#8221;"},"content":{"rendered":"<p>Mu\u011fla\u2019n\u0131n Marmaris il\u00e7esine ba\u011fl\u0131 Bozburun Mahallesi\u2019nde 20 Temmuz g\u00fcn\u00fc teknede ya\u015fanan kavgan\u0131n ard\u0131ndan hayat\u0131n\u0131 kaybeden 21 ya\u015f\u0131ndaki Arda Deniz Onat\u2019\u0131n ailesi, kamuoyuna ve yetkililere seslenerek &#8220;Adalete g\u00fcveniyoruz&#8221; dedi.<br \/>\n<br \/>Arda Deniz Onat\u2019\u0131n, babas\u0131 ile birlikte \u00e7al\u0131\u015ft\u0131\u011f\u0131 \u2019E.Arda Deniz\u2019 teknesinde tura \u00e7\u0131kard\u0131\u011f\u0131 \u00fc\u00e7 yabanc\u0131 uyruklu m\u00fc\u015fterinin misafirleri olarak tekneye gelen \u00fc\u00e7 ki\u015fi ile aralar\u0131nda \u00e7\u0131kan tart\u0131\u015fma sonras\u0131 denizin ortas\u0131nda o\u011fullar\u0131n\u0131n darbedilerek \u00f6ld\u00fcr\u00fcld\u00fc\u011f\u00fcn\u00fc \u00f6ne s\u00fcren aile, hukuk m\u00fccadelesi ba\u015flatt\u0131.<br \/>\n<br \/>Askerli\u011fini yeni tamamlayan ve \u00fc\u00e7 ay \u00f6nce ni\u015fanlanan Arda Deniz Onat\u2019\u0131n evlilik haz\u0131rl\u0131klar\u0131 yapt\u0131\u011f\u0131 \u00f6\u011frenildi. Ailesiyle birlikte Bozburun\u2019un Kocabah\u00e7e mevkiinde tur teknesinde \u00e7al\u0131\u015fan Onat, iddialara g\u00f6re m\u00fc\u015fterilerden birinin davetlisi olarak tekneye gelen \u00fc\u00e7 ki\u015fiyle \u00e7\u0131kan tart\u0131\u015fman\u0131n ard\u0131ndan darbedilerek hayat\u0131n\u0131 kaybetti.<\/p>\n<p>&#8220;O\u011flumun tek su\u00e7u efendi olmas\u0131yd\u0131&#8221;<br \/>\n<br \/>Ac\u0131l\u0131 baba Kenan Onat, o\u011flunun hi\u00e7bir su\u00e7u olmad\u0131\u011f\u0131n\u0131 vurgulayarak \u015fu ifadeleri kulland\u0131:<br \/>\n<br \/>&#8220;O\u011flum kar\u0131ncay\u0131 bile incitmezdi. T\u00fcm Bozburun halk\u0131na, Marmaris\u2019e sorabilirsiniz. Tek su\u00e7u efendi, temiz bir \u00e7ocuk olmas\u0131yd\u0131. Askerli\u011fini yap\u0131p geldi, ni\u015fanland\u0131, evlilik haz\u0131rl\u0131klar\u0131 yaparken hayattan kopard\u0131lar. Bizim yuvam\u0131z da\u011f\u0131ld\u0131, hayallerimiz bitti. Art\u0131k yapacak bir \u015feyimiz yok. Sadece adalet istiyoruz.&#8221;<br \/>\n<br \/>Baba Onat, baz\u0131 bas\u0131n organlar\u0131nda \u00e7\u0131kan haberlerin do\u011fruyu yans\u0131tmad\u0131\u011f\u0131n\u0131 belirterek sald\u0131r\u0131n\u0131n kendi taraflar\u0131ndan ger\u00e7ekle\u015fmedi\u011fini s\u00f6yledi. Onat, &#8220;E\u011fer biz sald\u0131rgan olsayd\u0131k, teknemizde olurdu. Olay tamamen d\u0131\u015far\u0131dan gelenlerin ba\u015flatt\u0131\u011f\u0131 bir kavga. Biz her g\u00fcn o\u011flumun mezar\u0131na gidiyoruz. Adalete g\u00fcveniyoruz&#8221; dedi.<\/p>\n<p>&#8220;Benim \u00e7ocu\u011fumun hi\u00e7bir su\u00e7u yoktu&#8221;<br \/>\n<br \/>Anne Leyla Onat da, &#8220;Biz yand\u0131k, ba\u015fka aileler yanmas\u0131n. 21 ya\u015f\u0131nda, \u00fc\u00e7 ay \u00f6nce ni\u015fanlanm\u0131\u015f bir \u00e7ocuktu. Ne su\u00e7u vard\u0131? Onlara hizmet etti, i\u00e7eri ald\u0131. Hayat\u0131m\u0131z boyunca b\u00f6yle bir \u015fey ya\u015famad\u0131k. Benim o\u011flum g\u00fcnahs\u0131zd\u0131. Evlilik hayalleri kuruyordu. \u015eimdi ni\u015fanl\u0131s\u0131 peri\u015fan. Biz sadece adalet istiyoruz&#8221; diyerek, o\u011flunun odas\u0131ndaki yata\u011f\u0131n\u0131n \u00fczerinde \u00e7ocukluk oyuncaklar\u0131 ve foto\u011fraflar\u0131na g\u00f6z\u00fc gibi bakt\u0131\u011f\u0131n\u0131 belirtti.<\/p>\n<p>3 ki\u015fi cezaevine g\u00f6nderilmi\u015fti<br \/>\n<br \/>Olay\u0131n ard\u0131ndan Marmaris Cumhuriyet Ba\u015fsavc\u0131l\u0131\u011f\u0131 talimat\u0131 ile Sahil G\u00fcvenlik ekipleri taraf\u0131ndan g\u00f6zalt\u0131 i\u015flemlerinin tamamlanmas\u0131n\u0131n ard\u0131ndan tutuklu yarg\u0131lanmak \u00fczere S.Y., S.Y. ve C.V.C. Mu\u011fla E Tipi Cezaevi\u2019ne g\u00f6nderilmi\u015flerdi. Marmaris Cumhuriyet Ba\u015fsavc\u0131l\u0131\u011f\u0131 ve \u0130l\u00e7e Jandarma Komutanl\u0131\u011f\u0131\u2019n\u0131n tahkikata devam etti\u011fi \u00f6\u011frenildi. Ayr\u0131ca ac\u0131l\u0131 ailenin avukatlar\u0131n\u0131n \u00f6n\u00fcm\u00fczdeki g\u00fcnlerde bir a\u00e7\u0131klama yapaca\u011f\u0131 belirtildi.<\/p>\n<p>Arda Deniz Onat i\u00e7in Bozburun halk\u0131 adalet y\u00fcr\u00fcy\u00fc\u015f\u00fc yapacak<br \/>\n<br \/>Bozburun halk\u0131 ve Arda Deniz Onat\u2019\u0131n ailesinin bu ak\u015fam Bozburun\u2019da adalet i\u00e7in seslerini duyurmak i\u00e7in y\u00fcr\u00fcy\u00fc\u015f yapacaklar\u0131 \u00f6\u011frenildi. Ac\u0131l\u0131 aile, s\u00fcreci sonuna kadar takip edeceklerini belirterek sorumlular\u0131n cezaland\u0131r\u0131lmas\u0131 i\u00e7in kamuoyunun deste\u011fini istedi.<br \/><\/p>\n","protected":false},"excerpt":{"rendered":"<p>Mu\u011fla\u2019n\u0131n Marmaris il\u00e7esine ba\u011fl\u0131 Bozburun Mahallesi\u2019nde 20 Temmuz g\u00fcn\u00fc teknede ya\u015fanan kavgan\u0131n ard\u0131ndan hayat\u0131n\u0131 kaybeden 21 ya\u015f\u0131ndaki Arda Deniz Onat\u2019\u0131n ailesi, kamuoyuna ve yetkililere seslenerek &#8220;Adalete g\u00fcveniyoruz&#8221; dedi. Arda Deniz Onat\u2019\u0131n, babas\u0131 ile birlikte \u00e7al\u0131\u015ft\u0131\u011f\u0131 \u2019E.Arda Deniz\u2019 teknesinde tura \u00e7\u0131kard\u0131\u011f\u0131 \u00fc\u00e7 yabanc\u0131 uyruklu m\u00fc\u015fterinin misafirleri olarak tekneye gelen \u00fc\u00e7 ki\u015fi ile aralar\u0131nda \u00e7\u0131kan tart\u0131\u015fma sonras\u0131&#8230;<\/p>\n","protected":false},"author":1,"featured_media":44551,"comment_status":"open","ping_status":"open","sticky":false,"template":"","format":"standard","meta":{"_crdt_document":"","footnotes":""},"categories":[5],"tags":[],"class_list":["post-44550","post","type-post","status-publish","format-standard","has-post-thumbnail","hentry","category-asayis"],"_links":{"self":[{"href":"https:\/\/www.egemtv.com\/index.php?rest_route=\/wp\/v2\/posts\/44550","targetHints":{"allow":["GET"]}}],"collection":[{"href":"https:\/\/www.egemtv.com\/index.php?rest_route=\/wp\/v2\/posts"}],"about":[{"href":"https:\/\/www.egemtv.com\/index.php?rest_route=\/wp\/v2\/types\/post"}],"author":[{"embeddable":true,"href":"https:\/\/www.egemtv.com\/index.php?rest_route=\/wp\/v2\/users\/1"}],"replies":[{"embeddable":true,"href":"https:\/\/www.egemtv.com\/index.php?rest_route=%2Fwp%2Fv2%2Fcomments&post=44550"}],"version-history":[{"count":1,"href":"https:\/\/www.egemtv.com\/index.php?rest_route=\/wp\/v2\/posts\/44550\/revisions"}],"predecessor-version":[{"id":44552,"href":"https:\/\/www.egemtv.com\/index.php?rest_route=\/wp\/v2\/posts\/44550\/revisions\/44552"}],"wp:featuredmedia":[{"embeddable":true,"href":"https:\/\/www.egemtv.com\/index.php?rest_route=\/wp\/v2\/media\/44551"}],"wp:attachment":[{"href":"https:\/\/www.egemtv.com\/index.php?rest_route=%2Fwp%2Fv2%2Fmedia&parent=44550"}],"wp:term":[{"taxonomy":"category","embeddable":true,"href":"https:\/\/www.egemtv.com\/index.php?rest_route=%2Fwp%2Fv2%2Fcategories&post=44550"},{"taxonomy":"post_tag","embeddable":true,"href":"https:\/\/www.egemtv.com\/index.php?rest_route=%2Fwp%2Fv2%2Ftags&post=44550"}],"curies":[{"name":"wp","href":"https:\/\/api.w.org\/{rel}","templated":true}]}}