{"id":44547,"date":"2025-07-25T15:34:53","date_gmt":"2025-07-25T12:34:53","guid":{"rendered":"https:\/\/www.egemtv.com\/?p=44547"},"modified":"2025-07-25T15:34:54","modified_gmt":"2025-07-25T12:34:54","slug":"nazillide-uyusturucu-operasyonu-2","status":"publish","type":"post","link":"https:\/\/www.egemtv.com\/?p=44547","title":{"rendered":"Nazilli\u2019de uyu\u015fturucu operasyonu"},"content":{"rendered":"<p>Ayd\u0131n\u2019\u0131n Nazilli il\u00e7esinde 2 farkl\u0131 noktada ger\u00e7ekle\u015ftirilen operasyonda ormanl\u0131k alan\u0131n i\u00e7erisine ekili 71 k\u00f6k kenevir ve uyu\u015fturucu madde ele ge\u00e7irildi.<\/p>\n<p>Nazilli \u0130l\u00e7e Jandarma Komutanl\u0131\u011f\u0131 JASAT ve Merkez Jandarma Karakol Komutanl\u0131\u011f\u0131nca koordineli olarak &#8221; Uyu\u015fturucu Madde \u0130mal ve Ticaretine&#8221; y\u00f6nelik koordineli \u00e7al\u0131\u015fma ba\u015flatt\u0131. Aksu Mahallesi\u2019nde ormanl\u0131k alan i\u00e7erisinde kenevir ekimlerinin yap\u0131labilece\u011fi alanlarda yap\u0131lan kontrol esnas\u0131nda farkl\u0131 2 noktada kenevir bitkisi ekimi yap\u0131ld\u0131\u011f\u0131 tespit edildi. B\u00f6lgede ve \u00e7evrede yap\u0131lan ara\u015ft\u0131rma ve takip sonucu A.\u00c7. ve H.\u00c7. isimli \u015f\u00fcpheli \u015fah\u0131slar\u0131n kenevir ekimini yapt\u0131klar\u0131 tespit belirlendi. \u015e\u00fcphelilerin ikametlerinde, eklentilerinde ve ormanl\u0131k alan i\u00e7erisinde uyu\u015fturucu madde k\u00f6pe\u011fi ile yap\u0131lan aramada 71 k\u00f6k kenevir bitkisi, bir miktar kubar esrar ele ge\u00e7irildi. Yakalanan iki \u015f\u00fcpheliden A.\u00c7. ifadesine m\u00fcteakip serbest b\u0131rak\u0131l\u0131rken, H.\u00c7. ise adli makamlara sevk edildi. Adli makamlarca H.\u00c7. isimli \u015f\u00fcpheli tutuklanmas\u0131na m\u00fcteakip Ceza \u0130nfaz Kurumuna teslim edildi.<br \/><\/p>\n","protected":false},"excerpt":{"rendered":"<p>Ayd\u0131n\u2019\u0131n Nazilli il\u00e7esinde 2 farkl\u0131 noktada ger\u00e7ekle\u015ftirilen operasyonda ormanl\u0131k alan\u0131n i\u00e7erisine ekili 71 k\u00f6k kenevir ve uyu\u015fturucu madde ele ge\u00e7irildi. Nazilli \u0130l\u00e7e Jandarma Komutanl\u0131\u011f\u0131 JASAT ve Merkez Jandarma Karakol Komutanl\u0131\u011f\u0131nca koordineli olarak &#8221; Uyu\u015fturucu Madde \u0130mal ve Ticaretine&#8221; y\u00f6nelik koordineli \u00e7al\u0131\u015fma ba\u015flatt\u0131. Aksu Mahallesi\u2019nde ormanl\u0131k alan i\u00e7erisinde kenevir ekimlerinin yap\u0131labilece\u011fi alanlarda yap\u0131lan kontrol esnas\u0131nda farkl\u0131&#8230;<\/p>\n","protected":false},"author":1,"featured_media":44548,"comment_status":"open","ping_status":"open","sticky":false,"template":"","format":"standard","meta":{"_crdt_document":"","footnotes":""},"categories":[5],"tags":[],"class_list":["post-44547","post","type-post","status-publish","format-standard","has-post-thumbnail","hentry","category-asayis"],"_links":{"self":[{"href":"https:\/\/www.egemtv.com\/index.php?rest_route=\/wp\/v2\/posts\/44547","targetHints":{"allow":["GET"]}}],"collection":[{"href":"https:\/\/www.egemtv.com\/index.php?rest_route=\/wp\/v2\/posts"}],"about":[{"href":"https:\/\/www.egemtv.com\/index.php?rest_route=\/wp\/v2\/types\/post"}],"author":[{"embeddable":true,"href":"https:\/\/www.egemtv.com\/index.php?rest_route=\/wp\/v2\/users\/1"}],"replies":[{"embeddable":true,"href":"https:\/\/www.egemtv.com\/index.php?rest_route=%2Fwp%2Fv2%2Fcomments&post=44547"}],"version-history":[{"count":1,"href":"https:\/\/www.egemtv.com\/index.php?rest_route=\/wp\/v2\/posts\/44547\/revisions"}],"predecessor-version":[{"id":44549,"href":"https:\/\/www.egemtv.com\/index.php?rest_route=\/wp\/v2\/posts\/44547\/revisions\/44549"}],"wp:featuredmedia":[{"embeddable":true,"href":"https:\/\/www.egemtv.com\/index.php?rest_route=\/wp\/v2\/media\/44548"}],"wp:attachment":[{"href":"https:\/\/www.egemtv.com\/index.php?rest_route=%2Fwp%2Fv2%2Fmedia&parent=44547"}],"wp:term":[{"taxonomy":"category","embeddable":true,"href":"https:\/\/www.egemtv.com\/index.php?rest_route=%2Fwp%2Fv2%2Fcategories&post=44547"},{"taxonomy":"post_tag","embeddable":true,"href":"https:\/\/www.egemtv.com\/index.php?rest_route=%2Fwp%2Fv2%2Ftags&post=44547"}],"curies":[{"name":"wp","href":"https:\/\/api.w.org\/{rel}","templated":true}]}}