{"id":44523,"date":"2025-07-25T14:36:04","date_gmt":"2025-07-25T11:36:04","guid":{"rendered":"https:\/\/www.egemtv.com\/?p=44523"},"modified":"2025-07-25T14:36:04","modified_gmt":"2025-07-25T11:36:04","slug":"altinorduda-iki-futbolcuya-talip-var","status":"publish","type":"post","link":"https:\/\/www.egemtv.com\/?p=44523","title":{"rendered":"Alt\u0131nordu\u2019da iki futbolcuya talip var"},"content":{"rendered":"<p>Alt\u0131nordulu futbolcular Bahattin Karahan ve H\u00fcseyin Bulut\u2019a, Sivasspor\u2019un yan\u0131 s\u0131ra Kahramanmara\u015f \u0130stiklalspor ve Mardin 1969\u2019un da talip oldu\u011fu \u00f6\u011frenildi.<br \/>\n<br \/>TFF 2. Lig Beyaz Grup ekiplerinden Alt\u0131nordu\u2019da altyap\u0131dan yeti\u015fen Sami Sat\u0131lm\u0131\u015f ve Serhat \u00d6zta\u015fdelen\u2019in transfer olmas\u0131n\u0131n ard\u0131ndan \u015fimdi de Bahattin Karahan ve H\u00fcseyin Bulut\u2019a talipler \u00e7\u0131kt\u0131. Trendyol 1. Lig ekibi Sivasspor\u2019un yan\u0131 s\u0131ra 2. Lig\u2019de yer alan Kahramanmara\u015f \u0130stiklalspor ile Mardin 1969\u2019un, \u0130zmir tak\u0131m\u0131yla temasa ge\u00e7ti\u011fi ve oyuncular\u0131n durumunu sordu\u011fu \u00f6\u011frenildi. K\u0131rm\u0131z\u0131-lacivertlilerin de bu duruma olumlu yakla\u015farak kul\u00fcplerle ileti\u015fime ge\u00e7ti\u011fi kaydedildi. Alt\u0131nordu\u2019nun istedikleri teklif gelmesi halinde iki oyuncunun transferine izin vermesi bekleniyor.<br \/>\n<br \/>Alt\u0131nordu formas\u0131yla H\u00fcseyin Bulut ge\u00e7ti\u011fimiz sezon 15 kez rakip fileleri havaland\u0131rmay\u0131 ba\u015far\u0131rken, Bahattin Karahan ise 5 gol kaydetti.<br \/><\/p>\n","protected":false},"excerpt":{"rendered":"<p>Alt\u0131nordulu futbolcular Bahattin Karahan ve H\u00fcseyin Bulut\u2019a, Sivasspor\u2019un yan\u0131 s\u0131ra Kahramanmara\u015f \u0130stiklalspor ve Mardin 1969\u2019un da talip oldu\u011fu \u00f6\u011frenildi. TFF 2. Lig Beyaz Grup ekiplerinden Alt\u0131nordu\u2019da altyap\u0131dan yeti\u015fen Sami Sat\u0131lm\u0131\u015f ve Serhat \u00d6zta\u015fdelen\u2019in transfer olmas\u0131n\u0131n ard\u0131ndan \u015fimdi de Bahattin Karahan ve H\u00fcseyin Bulut\u2019a talipler \u00e7\u0131kt\u0131. Trendyol 1. Lig ekibi Sivasspor\u2019un yan\u0131 s\u0131ra 2. Lig\u2019de yer&#8230;<\/p>\n","protected":false},"author":1,"featured_media":44524,"comment_status":"open","ping_status":"open","sticky":false,"template":"","format":"standard","meta":{"_crdt_document":"","footnotes":""},"categories":[4],"tags":[],"class_list":["post-44523","post","type-post","status-publish","format-standard","has-post-thumbnail","hentry","category-spor"],"_links":{"self":[{"href":"https:\/\/www.egemtv.com\/index.php?rest_route=\/wp\/v2\/posts\/44523","targetHints":{"allow":["GET"]}}],"collection":[{"href":"https:\/\/www.egemtv.com\/index.php?rest_route=\/wp\/v2\/posts"}],"about":[{"href":"https:\/\/www.egemtv.com\/index.php?rest_route=\/wp\/v2\/types\/post"}],"author":[{"embeddable":true,"href":"https:\/\/www.egemtv.com\/index.php?rest_route=\/wp\/v2\/users\/1"}],"replies":[{"embeddable":true,"href":"https:\/\/www.egemtv.com\/index.php?rest_route=%2Fwp%2Fv2%2Fcomments&post=44523"}],"version-history":[{"count":1,"href":"https:\/\/www.egemtv.com\/index.php?rest_route=\/wp\/v2\/posts\/44523\/revisions"}],"predecessor-version":[{"id":44525,"href":"https:\/\/www.egemtv.com\/index.php?rest_route=\/wp\/v2\/posts\/44523\/revisions\/44525"}],"wp:featuredmedia":[{"embeddable":true,"href":"https:\/\/www.egemtv.com\/index.php?rest_route=\/wp\/v2\/media\/44524"}],"wp:attachment":[{"href":"https:\/\/www.egemtv.com\/index.php?rest_route=%2Fwp%2Fv2%2Fmedia&parent=44523"}],"wp:term":[{"taxonomy":"category","embeddable":true,"href":"https:\/\/www.egemtv.com\/index.php?rest_route=%2Fwp%2Fv2%2Fcategories&post=44523"},{"taxonomy":"post_tag","embeddable":true,"href":"https:\/\/www.egemtv.com\/index.php?rest_route=%2Fwp%2Fv2%2Ftags&post=44523"}],"curies":[{"name":"wp","href":"https:\/\/api.w.org\/{rel}","templated":true}]}}