{"id":44520,"date":"2025-07-25T14:36:03","date_gmt":"2025-07-25T11:36:03","guid":{"rendered":"https:\/\/www.egemtv.com\/?p=44520"},"modified":"2025-07-25T14:36:04","modified_gmt":"2025-07-25T11:36:04","slug":"aydinda-13-bin-680-adet-doldurulmus-makaron-ele-gecirildi","status":"publish","type":"post","link":"https:\/\/www.egemtv.com\/?p=44520","title":{"rendered":"Ayd\u0131n\u2019da 13 bin 680 adet doldurulmu\u015f makaron ele ge\u00e7irildi"},"content":{"rendered":"<p>Ayd\u0131n\u2019da ka\u00e7ak\u00e7\u0131l\u0131kla m\u00fccadele kapsam\u0131nda y\u00fcr\u00fct\u00fclen \u00e7al\u0131\u015fmalar \u00e7er\u00e7evesinde bir i\u015f yerinde yap\u0131lan aramada 13 bin 680 adet t\u00fct\u00fcn doldurulmu\u015f makaron ele ge\u00e7irildi.<\/p>\n<p>Ayd\u0131n \u0130l Emniyet M\u00fcd\u00fcrl\u00fc\u011f\u00fc Ka\u00e7ak\u00e7\u0131l\u0131k ve Organize Su\u00e7larla M\u00fccadele (KOM) \u015eube M\u00fcd\u00fcrl\u00fc\u011f\u00fc ekipleri ka\u00e7ak\u00e7\u0131l\u0131k faaliyetlerinin \u00f6nlenmesine y\u00f6nelik \u00e7al\u0131\u015fmalar\u0131n\u0131 s\u00fcrd\u00fcr\u00fcyor. Edinilen bilgiye g\u00f6re, Efeler il\u00e7esi Hasanefendi-Ramazanpa\u015fa Mahallesi \u0130stiklal Caddesi \u00fczerinde faaliyet g\u00f6steren bir i\u015f yerine operasyon d\u00fczenlendi. \u0130\u015fyeri i\u00e7erisinde yap\u0131lan aramalarda, k\u0131smen paketlenmi\u015f halde toplam 13 bin 680 adet t\u00fct\u00fcn doldurulmu\u015f makaron ele ge\u00e7irildi. Olayla ilgili i\u015f yeri sahibi A.E. isimli \u015fah\u0131s hakk\u0131nda 5607 say\u0131l\u0131 Ka\u00e7ak\u00e7\u0131l\u0131kla M\u00fccadele Kanunu kapsam\u0131nda yasal i\u015flem ba\u015flat\u0131ld\u0131\u011f\u0131 \u00f6\u011frenildi.<br \/><\/p>\n","protected":false},"excerpt":{"rendered":"<p>Ayd\u0131n\u2019da ka\u00e7ak\u00e7\u0131l\u0131kla m\u00fccadele kapsam\u0131nda y\u00fcr\u00fct\u00fclen \u00e7al\u0131\u015fmalar \u00e7er\u00e7evesinde bir i\u015f yerinde yap\u0131lan aramada 13 bin 680 adet t\u00fct\u00fcn doldurulmu\u015f makaron ele ge\u00e7irildi. Ayd\u0131n \u0130l Emniyet M\u00fcd\u00fcrl\u00fc\u011f\u00fc Ka\u00e7ak\u00e7\u0131l\u0131k ve Organize Su\u00e7larla M\u00fccadele (KOM) \u015eube M\u00fcd\u00fcrl\u00fc\u011f\u00fc ekipleri ka\u00e7ak\u00e7\u0131l\u0131k faaliyetlerinin \u00f6nlenmesine y\u00f6nelik \u00e7al\u0131\u015fmalar\u0131n\u0131 s\u00fcrd\u00fcr\u00fcyor. Edinilen bilgiye g\u00f6re, Efeler il\u00e7esi Hasanefendi-Ramazanpa\u015fa Mahallesi \u0130stiklal Caddesi \u00fczerinde faaliyet g\u00f6steren bir i\u015f yerine&#8230;<\/p>\n","protected":false},"author":1,"featured_media":44521,"comment_status":"open","ping_status":"open","sticky":false,"template":"","format":"standard","meta":{"_crdt_document":"","footnotes":""},"categories":[5],"tags":[],"class_list":["post-44520","post","type-post","status-publish","format-standard","has-post-thumbnail","hentry","category-asayis"],"_links":{"self":[{"href":"https:\/\/www.egemtv.com\/index.php?rest_route=\/wp\/v2\/posts\/44520","targetHints":{"allow":["GET"]}}],"collection":[{"href":"https:\/\/www.egemtv.com\/index.php?rest_route=\/wp\/v2\/posts"}],"about":[{"href":"https:\/\/www.egemtv.com\/index.php?rest_route=\/wp\/v2\/types\/post"}],"author":[{"embeddable":true,"href":"https:\/\/www.egemtv.com\/index.php?rest_route=\/wp\/v2\/users\/1"}],"replies":[{"embeddable":true,"href":"https:\/\/www.egemtv.com\/index.php?rest_route=%2Fwp%2Fv2%2Fcomments&post=44520"}],"version-history":[{"count":1,"href":"https:\/\/www.egemtv.com\/index.php?rest_route=\/wp\/v2\/posts\/44520\/revisions"}],"predecessor-version":[{"id":44522,"href":"https:\/\/www.egemtv.com\/index.php?rest_route=\/wp\/v2\/posts\/44520\/revisions\/44522"}],"wp:featuredmedia":[{"embeddable":true,"href":"https:\/\/www.egemtv.com\/index.php?rest_route=\/wp\/v2\/media\/44521"}],"wp:attachment":[{"href":"https:\/\/www.egemtv.com\/index.php?rest_route=%2Fwp%2Fv2%2Fmedia&parent=44520"}],"wp:term":[{"taxonomy":"category","embeddable":true,"href":"https:\/\/www.egemtv.com\/index.php?rest_route=%2Fwp%2Fv2%2Fcategories&post=44520"},{"taxonomy":"post_tag","embeddable":true,"href":"https:\/\/www.egemtv.com\/index.php?rest_route=%2Fwp%2Fv2%2Ftags&post=44520"}],"curies":[{"name":"wp","href":"https:\/\/api.w.org\/{rel}","templated":true}]}}