{"id":44517,"date":"2025-07-25T14:36:02","date_gmt":"2025-07-25T11:36:02","guid":{"rendered":"https:\/\/www.egemtv.com\/?p=44517"},"modified":"2025-07-25T14:36:03","modified_gmt":"2025-07-25T11:36:03","slug":"incirliovada-kom-ekiplerinden-kacakcilik-baskini","status":"publish","type":"post","link":"https:\/\/www.egemtv.com\/?p=44517","title":{"rendered":"\u0130ncirliova\u2019da KOM ekiplerinden ka\u00e7ak\u00e7\u0131l\u0131k bask\u0131n\u0131"},"content":{"rendered":"<p>Ayd\u0131n\u2019\u0131n \u0130ncirliova il\u00e7esinde bir i\u015f yerine d\u00fczenlenen ka\u00e7ak\u00e7\u0131l\u0131k operasyonunda 5 bin 40 adet t\u00fct\u00fcnle doldurulmu\u015f makaron, bin 200 adet g\u00fcmr\u00fck ka\u00e7a\u011f\u0131 bo\u015f makaron ve 21 adet kesilmi\u015f bandrol ele ge\u00e7irildi.<\/p>\n<p>Edinilen bilgiye g\u00f6re, Ayd\u0131n \u0130l Emniyet M\u00fcd\u00fcrl\u00fc\u011f\u00fc Ka\u00e7ak\u00e7\u0131l\u0131k ve Organize Su\u00e7larla M\u00fccadele (KOM) \u015eube M\u00fcd\u00fcrl\u00fc\u011f\u00fc ekiplerinin ka\u00e7ak\u00e7\u0131l\u0131kla m\u00fccadele \u00e7al\u0131\u015fmalar\u0131 kapsam\u0131nda \u0130ncirliova il\u00e7esi \u0130stiklal Mahallesi \u00fczerinde faaliyet g\u00f6steren bir i\u015f yerine operasyon d\u00fczenlendi. D\u00fczenlenen operasyonda i\u015f yerinde yap\u0131lan aramalarda; paketlenmi\u015f halde 5 bin 40 adet t\u00fct\u00fcn doldurulmu\u015f makaron, bin 200 adet g\u00fcmr\u00fck ka\u00e7a\u011f\u0131 bo\u015f makaron ve 21 adet kesilmi\u015f bandrol ele ge\u00e7irildi. \u0130\u015fletme sahibi B.N. isimli \u015fah\u0131s hakk\u0131nda 5607 say\u0131l\u0131 Ka\u00e7ak\u00e7\u0131l\u0131kla M\u00fccadele Kanunu kapsam\u0131nda yasal i\u015flem ba\u015flat\u0131ld\u0131.<br \/><\/p>\n","protected":false},"excerpt":{"rendered":"<p>Ayd\u0131n\u2019\u0131n \u0130ncirliova il\u00e7esinde bir i\u015f yerine d\u00fczenlenen ka\u00e7ak\u00e7\u0131l\u0131k operasyonunda 5 bin 40 adet t\u00fct\u00fcnle doldurulmu\u015f makaron, bin 200 adet g\u00fcmr\u00fck ka\u00e7a\u011f\u0131 bo\u015f makaron ve 21 adet kesilmi\u015f bandrol ele ge\u00e7irildi. Edinilen bilgiye g\u00f6re, Ayd\u0131n \u0130l Emniyet M\u00fcd\u00fcrl\u00fc\u011f\u00fc Ka\u00e7ak\u00e7\u0131l\u0131k ve Organize Su\u00e7larla M\u00fccadele (KOM) \u015eube M\u00fcd\u00fcrl\u00fc\u011f\u00fc ekiplerinin ka\u00e7ak\u00e7\u0131l\u0131kla m\u00fccadele \u00e7al\u0131\u015fmalar\u0131 kapsam\u0131nda \u0130ncirliova il\u00e7esi \u0130stiklal Mahallesi \u00fczerinde&#8230;<\/p>\n","protected":false},"author":1,"featured_media":44518,"comment_status":"open","ping_status":"open","sticky":false,"template":"","format":"standard","meta":{"_crdt_document":"","footnotes":""},"categories":[5],"tags":[],"class_list":["post-44517","post","type-post","status-publish","format-standard","has-post-thumbnail","hentry","category-asayis"],"_links":{"self":[{"href":"https:\/\/www.egemtv.com\/index.php?rest_route=\/wp\/v2\/posts\/44517","targetHints":{"allow":["GET"]}}],"collection":[{"href":"https:\/\/www.egemtv.com\/index.php?rest_route=\/wp\/v2\/posts"}],"about":[{"href":"https:\/\/www.egemtv.com\/index.php?rest_route=\/wp\/v2\/types\/post"}],"author":[{"embeddable":true,"href":"https:\/\/www.egemtv.com\/index.php?rest_route=\/wp\/v2\/users\/1"}],"replies":[{"embeddable":true,"href":"https:\/\/www.egemtv.com\/index.php?rest_route=%2Fwp%2Fv2%2Fcomments&post=44517"}],"version-history":[{"count":1,"href":"https:\/\/www.egemtv.com\/index.php?rest_route=\/wp\/v2\/posts\/44517\/revisions"}],"predecessor-version":[{"id":44519,"href":"https:\/\/www.egemtv.com\/index.php?rest_route=\/wp\/v2\/posts\/44517\/revisions\/44519"}],"wp:featuredmedia":[{"embeddable":true,"href":"https:\/\/www.egemtv.com\/index.php?rest_route=\/wp\/v2\/media\/44518"}],"wp:attachment":[{"href":"https:\/\/www.egemtv.com\/index.php?rest_route=%2Fwp%2Fv2%2Fmedia&parent=44517"}],"wp:term":[{"taxonomy":"category","embeddable":true,"href":"https:\/\/www.egemtv.com\/index.php?rest_route=%2Fwp%2Fv2%2Fcategories&post=44517"},{"taxonomy":"post_tag","embeddable":true,"href":"https:\/\/www.egemtv.com\/index.php?rest_route=%2Fwp%2Fv2%2Ftags&post=44517"}],"curies":[{"name":"wp","href":"https:\/\/api.w.org\/{rel}","templated":true}]}}