{"id":44514,"date":"2025-07-25T14:36:01","date_gmt":"2025-07-25T11:36:01","guid":{"rendered":"https:\/\/www.egemtv.com\/?p=44514"},"modified":"2025-07-25T14:36:02","modified_gmt":"2025-07-25T11:36:02","slug":"aydin-milli-egitim-mudurlugunde-devir-teslim","status":"publish","type":"post","link":"https:\/\/www.egemtv.com\/?p=44514","title":{"rendered":"Ayd\u0131n Milli E\u011fitim M\u00fcd\u00fcrl\u00fc\u011f\u00fc\u2019nde devir teslim"},"content":{"rendered":"<p>Ayd\u0131n \u0130l Milli E\u011fitim M\u00fcd\u00fcrl\u00fc\u011f\u00fc g\u00f6revini y\u00fcr\u00fct\u00fcrken Erzurum \u0130l Milli E\u011fitim M\u00fcd\u00fcrl\u00fc\u011f\u00fc\u2019ne atanan S\u00fcleyman Ekici, g\u00f6revini Mehmet Yi\u011fit\u2019e devretti.<\/p>\n<p>Ayd\u0131n \u0130l Milli E\u011fitim M\u00fcd\u00fcrl\u00fc\u011f\u00fc\u2019nde d\u00fczenlenen t\u00f6rende g\u00f6revi devreden S\u00fcleyman Ekici, g\u00f6revini Mehmet Yi\u011fit\u2019e teslim etti. M\u00fcd\u00fcr Mehmet Yi\u011fit, Ekici\u2019ye emekleri dolay\u0131s\u0131yla te\u015fekk\u00fcr ederek, Ayd\u0131n\u2019daki e\u011fitim faaliyetlerini daha ileri ta\u015f\u0131ma hedefinde olduklar\u0131n\u0131 s\u00f6yledi. T\u00f6renin ard\u0131ndan Yi\u011fit ve Ekici, Ayd\u0131n Valisi Yakup Canbolat\u2019\u0131 makam\u0131nda ziyaret etti. Vali Canbolat, S\u00fcleyman Ekici\u2019ye g\u00f6rev s\u00fcresince Ayd\u0131n\u2019da e\u011fitime verdi\u011fi katk\u0131lar dolay\u0131s\u0131yla te\u015fekk\u00fcr ederken, yeni \u0130l Milli E\u011fitim M\u00fcd\u00fcr\u00fc Mehmet Yi\u011fit\u2019e de g\u00f6revinde ba\u015far\u0131lar diledi.<br \/><\/p>\n","protected":false},"excerpt":{"rendered":"<p>Ayd\u0131n \u0130l Milli E\u011fitim M\u00fcd\u00fcrl\u00fc\u011f\u00fc g\u00f6revini y\u00fcr\u00fct\u00fcrken Erzurum \u0130l Milli E\u011fitim M\u00fcd\u00fcrl\u00fc\u011f\u00fc\u2019ne atanan S\u00fcleyman Ekici, g\u00f6revini Mehmet Yi\u011fit\u2019e devretti. Ayd\u0131n \u0130l Milli E\u011fitim M\u00fcd\u00fcrl\u00fc\u011f\u00fc\u2019nde d\u00fczenlenen t\u00f6rende g\u00f6revi devreden S\u00fcleyman Ekici, g\u00f6revini Mehmet Yi\u011fit\u2019e teslim etti. M\u00fcd\u00fcr Mehmet Yi\u011fit, Ekici\u2019ye emekleri dolay\u0131s\u0131yla te\u015fekk\u00fcr ederek, Ayd\u0131n\u2019daki e\u011fitim faaliyetlerini daha ileri ta\u015f\u0131ma hedefinde olduklar\u0131n\u0131 s\u00f6yledi. T\u00f6renin ard\u0131ndan Yi\u011fit&#8230;<\/p>\n","protected":false},"author":1,"featured_media":44515,"comment_status":"open","ping_status":"open","sticky":false,"template":"","format":"standard","meta":{"_crdt_document":"","footnotes":""},"categories":[1],"tags":[],"class_list":["post-44514","post","type-post","status-publish","format-standard","has-post-thumbnail","hentry","category-guncel"],"_links":{"self":[{"href":"https:\/\/www.egemtv.com\/index.php?rest_route=\/wp\/v2\/posts\/44514","targetHints":{"allow":["GET"]}}],"collection":[{"href":"https:\/\/www.egemtv.com\/index.php?rest_route=\/wp\/v2\/posts"}],"about":[{"href":"https:\/\/www.egemtv.com\/index.php?rest_route=\/wp\/v2\/types\/post"}],"author":[{"embeddable":true,"href":"https:\/\/www.egemtv.com\/index.php?rest_route=\/wp\/v2\/users\/1"}],"replies":[{"embeddable":true,"href":"https:\/\/www.egemtv.com\/index.php?rest_route=%2Fwp%2Fv2%2Fcomments&post=44514"}],"version-history":[{"count":1,"href":"https:\/\/www.egemtv.com\/index.php?rest_route=\/wp\/v2\/posts\/44514\/revisions"}],"predecessor-version":[{"id":44516,"href":"https:\/\/www.egemtv.com\/index.php?rest_route=\/wp\/v2\/posts\/44514\/revisions\/44516"}],"wp:featuredmedia":[{"embeddable":true,"href":"https:\/\/www.egemtv.com\/index.php?rest_route=\/wp\/v2\/media\/44515"}],"wp:attachment":[{"href":"https:\/\/www.egemtv.com\/index.php?rest_route=%2Fwp%2Fv2%2Fmedia&parent=44514"}],"wp:term":[{"taxonomy":"category","embeddable":true,"href":"https:\/\/www.egemtv.com\/index.php?rest_route=%2Fwp%2Fv2%2Fcategories&post=44514"},{"taxonomy":"post_tag","embeddable":true,"href":"https:\/\/www.egemtv.com\/index.php?rest_route=%2Fwp%2Fv2%2Ftags&post=44514"}],"curies":[{"name":"wp","href":"https:\/\/api.w.org\/{rel}","templated":true}]}}