{"id":44511,"date":"2025-07-25T14:36:00","date_gmt":"2025-07-25T11:36:00","guid":{"rendered":"https:\/\/www.egemtv.com\/?p=44511"},"modified":"2025-07-25T14:36:01","modified_gmt":"2025-07-25T11:36:01","slug":"etkili-hutbe-sunumu-yarismasi-bolge-finali-aydinda-yapildi","status":"publish","type":"post","link":"https:\/\/www.egemtv.com\/?p=44511","title":{"rendered":"Etkili Hutbe Sunumu Yar\u0131\u015fmas\u0131 B\u00f6lge Finali Ayd\u0131n\u2019da yap\u0131ld\u0131"},"content":{"rendered":"<p>Camiler ve Din G\u00f6revlileri Haftas\u0131 etkinlikleri kapsam\u0131nda Diyanet \u0130\u015fleri Ba\u015fkanl\u0131\u011f\u0131 taraf\u0131ndan d\u00fczenlenen Etkili Hutbe Sunumu Yar\u0131\u015fmas\u0131 B\u00f6lge Finali, Ayd\u0131n Efeler Yavuz Sultan Selim Camii\u2019nde ger\u00e7ekle\u015ftirildi.<\/p>\n<p>Kur\u2019an-\u0131 Kerim tilavetiyle ba\u015flayan yar\u0131\u015fman\u0131n se\u00e7ici kurulunda, Diyanet \u0130\u015fleri Uzman\u0131 Abdulkadir Bekiro\u011flu ba\u015fkanl\u0131\u011f\u0131nda; Ayd\u0131n \u0130l M\u00fcft\u00fc Yard\u0131mc\u0131s\u0131 Yusuf D\u00f6nerta\u015f, Marmaris \u0130l\u00e7e M\u00fcft\u00fcs\u00fc Dr. Yunus Acar, Manisa \u0130l Vaizi Dr. Osman Turgut Dilek ve Burdur \u0130l Vaizi B\u00fcnyamin \u00d6zda\u015f yer ald\u0131. Finalde yap\u0131lan de\u011ferlendirmeler sonucu; Denizli Merkezefendi\u2019den Fatih Uluta\u015f birinci, Manisa \u015eehzadeler\u2019den \u00d6mer Faruk Alt\u0131na\u011fa ikinci, Ayd\u0131n Didim\u2019den Halil Furkan \u00c7al\u0131\u015fkan ise \u00fc\u00e7\u00fcnc\u00fc oldu. Program \u00f6d\u00fcl t\u00f6reni ve toplu foto\u011fraf \u00e7ekimiyle sona erdi.<br \/><\/p>\n","protected":false},"excerpt":{"rendered":"<p>Camiler ve Din G\u00f6revlileri Haftas\u0131 etkinlikleri kapsam\u0131nda Diyanet \u0130\u015fleri Ba\u015fkanl\u0131\u011f\u0131 taraf\u0131ndan d\u00fczenlenen Etkili Hutbe Sunumu Yar\u0131\u015fmas\u0131 B\u00f6lge Finali, Ayd\u0131n Efeler Yavuz Sultan Selim Camii\u2019nde ger\u00e7ekle\u015ftirildi. Kur\u2019an-\u0131 Kerim tilavetiyle ba\u015flayan yar\u0131\u015fman\u0131n se\u00e7ici kurulunda, Diyanet \u0130\u015fleri Uzman\u0131 Abdulkadir Bekiro\u011flu ba\u015fkanl\u0131\u011f\u0131nda; Ayd\u0131n \u0130l M\u00fcft\u00fc Yard\u0131mc\u0131s\u0131 Yusuf D\u00f6nerta\u015f, Marmaris \u0130l\u00e7e M\u00fcft\u00fcs\u00fc Dr. Yunus Acar, Manisa \u0130l Vaizi Dr. Osman&#8230;<\/p>\n","protected":false},"author":1,"featured_media":44512,"comment_status":"open","ping_status":"open","sticky":false,"template":"","format":"standard","meta":{"_crdt_document":"","footnotes":""},"categories":[1],"tags":[],"class_list":["post-44511","post","type-post","status-publish","format-standard","has-post-thumbnail","hentry","category-guncel"],"_links":{"self":[{"href":"https:\/\/www.egemtv.com\/index.php?rest_route=\/wp\/v2\/posts\/44511","targetHints":{"allow":["GET"]}}],"collection":[{"href":"https:\/\/www.egemtv.com\/index.php?rest_route=\/wp\/v2\/posts"}],"about":[{"href":"https:\/\/www.egemtv.com\/index.php?rest_route=\/wp\/v2\/types\/post"}],"author":[{"embeddable":true,"href":"https:\/\/www.egemtv.com\/index.php?rest_route=\/wp\/v2\/users\/1"}],"replies":[{"embeddable":true,"href":"https:\/\/www.egemtv.com\/index.php?rest_route=%2Fwp%2Fv2%2Fcomments&post=44511"}],"version-history":[{"count":1,"href":"https:\/\/www.egemtv.com\/index.php?rest_route=\/wp\/v2\/posts\/44511\/revisions"}],"predecessor-version":[{"id":44513,"href":"https:\/\/www.egemtv.com\/index.php?rest_route=\/wp\/v2\/posts\/44511\/revisions\/44513"}],"wp:featuredmedia":[{"embeddable":true,"href":"https:\/\/www.egemtv.com\/index.php?rest_route=\/wp\/v2\/media\/44512"}],"wp:attachment":[{"href":"https:\/\/www.egemtv.com\/index.php?rest_route=%2Fwp%2Fv2%2Fmedia&parent=44511"}],"wp:term":[{"taxonomy":"category","embeddable":true,"href":"https:\/\/www.egemtv.com\/index.php?rest_route=%2Fwp%2Fv2%2Fcategories&post=44511"},{"taxonomy":"post_tag","embeddable":true,"href":"https:\/\/www.egemtv.com\/index.php?rest_route=%2Fwp%2Fv2%2Ftags&post=44511"}],"curies":[{"name":"wp","href":"https:\/\/api.w.org\/{rel}","templated":true}]}}