{"id":44508,"date":"2025-07-25T14:15:06","date_gmt":"2025-07-25T11:15:06","guid":{"rendered":"https:\/\/www.egemtv.com\/?p=44508"},"modified":"2025-07-25T14:15:07","modified_gmt":"2025-07-25T11:15:07","slug":"gsb-yaz-okullari-tum-hiziyla-devam-ediyor","status":"publish","type":"post","link":"https:\/\/www.egemtv.com\/?p=44508","title":{"rendered":"GSB Yaz Okullar\u0131 t\u00fcm h\u0131z\u0131yla devam ediyor"},"content":{"rendered":"<p>Ayd\u0131n Gen\u00e7lik ve Spor \u0130l M\u00fcd\u00fcrl\u00fc\u011f\u00fc koordinesinde Ayd\u0131n\u2019da y\u00fcr\u00fct\u00fclen GSB Yaz Okullar\u0131, futboldan basketbola kadar bir\u00e7ok bran\u015f\u0131 ile yaz d\u00f6neminde de gen\u00e7leri sporla bulu\u015fturmaya devam ediyor.<\/p>\n<p>Gen\u00e7lik ve Spor Bakanl\u0131\u011f\u0131 taraf\u0131ndan her y\u0131l 81 ilde d\u00fczenlenen GSB Yaz Okullar\u0131, faaliyetlerini h\u0131z kesmeden s\u00fcrd\u00fcr\u00fcyor. Ayd\u0131n\u2019da da 26 farkl\u0131 bran\u015fta verilen e\u011fitimler uzman antren\u00f6rler e\u015fli\u011finde ger\u00e7ekle\u015ftirilirken, Ayd\u0131n Gen\u00e7lik ve Spor \u0130l M\u00fcd\u00fcrl\u00fc\u011f\u00fc taraf\u0131ndan 17 il\u00e7ede d\u00fczenlenen yaz okullar\u0131nda 3-18 ya\u015f aral\u0131\u011f\u0131ndaki \u00e7ocuk ve gen\u00e7lerin sosyalle\u015fmelerine katk\u0131 sa\u011flan\u0131yor. Gen\u00e7lerin yeteneklerini ortaya \u00e7\u0131karmak amac\u0131yla sportif kurslar verilmeye devam edilirken, bu \u00e7er\u00e7evede voleyboldan atletizme, badmintondan basketbola, jimnastikten karateye kadar bir\u00e7ok bran\u015fta a\u00e7\u0131lan kurslar \u00f6\u011frencilerini bekliyor.<\/p>\n<p>Konu ile ilgili Ayd\u0131n Gen\u00e7lik ve Spor \u0130l M\u00fcd\u00fcrl\u00fc\u011f\u00fc\u2019nden yap\u0131lan a\u00e7\u0131klamada, &#8220;Gen\u00e7lik ve Spor Bakanl\u0131\u011f\u0131 taraf\u0131ndan her y\u0131l geleneksel olarak d\u00fczenlenen Yaz Okullar\u0131, bu yaz da T\u00fcrkiye genelinde binlerce \u00e7ocu\u011fa ve gence sporla, sanatla ve k\u00fclt\u00fcrel etkinliklerle dolu bir yaz sunuyor. 3-18 ya\u015f aras\u0131 \u00e7ocuk ve gen\u00e7lere y\u00f6nelik planlanan e\u011fitimlerde, basketbol, voleybol, hentbol, badminton, ok\u00e7uluk gibi pek \u00e7ok bran\u015fta \u00fccretsiz spor e\u011fitimleri veriliyor. Ayn\u0131 zamanda gen\u00e7lik merkezlerinde k\u00fclt\u00fcrel ve sanatsal at\u00f6lyeler, ak\u0131l ve zek\u00e2 oyunlar\u0131, g\u00f6n\u00fcll\u00fcl\u00fck faaliyetleri de gen\u00e7lerle bulu\u015fturuluyor. Uzman antren\u00f6rler ve e\u011fitmenler e\u015fli\u011finde s\u00fcrd\u00fcr\u00fclen e\u011fitimler, gen\u00e7lerin hem fiziksel hem de sosyal geli\u015fimlerine katk\u0131 sa\u011fl\u0131yor. \u0130lgiyle kar\u015f\u0131lanan program, yaz boyunca t\u00fcm h\u0131z\u0131yla devam ediyor&#8221; dedi.<br \/><\/p>\n","protected":false},"excerpt":{"rendered":"<p>Ayd\u0131n Gen\u00e7lik ve Spor \u0130l M\u00fcd\u00fcrl\u00fc\u011f\u00fc koordinesinde Ayd\u0131n\u2019da y\u00fcr\u00fct\u00fclen GSB Yaz Okullar\u0131, futboldan basketbola kadar bir\u00e7ok bran\u015f\u0131 ile yaz d\u00f6neminde de gen\u00e7leri sporla bulu\u015fturmaya devam ediyor. Gen\u00e7lik ve Spor Bakanl\u0131\u011f\u0131 taraf\u0131ndan her y\u0131l 81 ilde d\u00fczenlenen GSB Yaz Okullar\u0131, faaliyetlerini h\u0131z kesmeden s\u00fcrd\u00fcr\u00fcyor. Ayd\u0131n\u2019da da 26 farkl\u0131 bran\u015fta verilen e\u011fitimler uzman antren\u00f6rler e\u015fli\u011finde ger\u00e7ekle\u015ftirilirken, Ayd\u0131n&#8230;<\/p>\n","protected":false},"author":1,"featured_media":44509,"comment_status":"open","ping_status":"open","sticky":false,"template":"","format":"standard","meta":{"_crdt_document":"","footnotes":""},"categories":[4],"tags":[],"class_list":["post-44508","post","type-post","status-publish","format-standard","has-post-thumbnail","hentry","category-spor"],"_links":{"self":[{"href":"https:\/\/www.egemtv.com\/index.php?rest_route=\/wp\/v2\/posts\/44508","targetHints":{"allow":["GET"]}}],"collection":[{"href":"https:\/\/www.egemtv.com\/index.php?rest_route=\/wp\/v2\/posts"}],"about":[{"href":"https:\/\/www.egemtv.com\/index.php?rest_route=\/wp\/v2\/types\/post"}],"author":[{"embeddable":true,"href":"https:\/\/www.egemtv.com\/index.php?rest_route=\/wp\/v2\/users\/1"}],"replies":[{"embeddable":true,"href":"https:\/\/www.egemtv.com\/index.php?rest_route=%2Fwp%2Fv2%2Fcomments&post=44508"}],"version-history":[{"count":1,"href":"https:\/\/www.egemtv.com\/index.php?rest_route=\/wp\/v2\/posts\/44508\/revisions"}],"predecessor-version":[{"id":44510,"href":"https:\/\/www.egemtv.com\/index.php?rest_route=\/wp\/v2\/posts\/44508\/revisions\/44510"}],"wp:featuredmedia":[{"embeddable":true,"href":"https:\/\/www.egemtv.com\/index.php?rest_route=\/wp\/v2\/media\/44509"}],"wp:attachment":[{"href":"https:\/\/www.egemtv.com\/index.php?rest_route=%2Fwp%2Fv2%2Fmedia&parent=44508"}],"wp:term":[{"taxonomy":"category","embeddable":true,"href":"https:\/\/www.egemtv.com\/index.php?rest_route=%2Fwp%2Fv2%2Fcategories&post=44508"},{"taxonomy":"post_tag","embeddable":true,"href":"https:\/\/www.egemtv.com\/index.php?rest_route=%2Fwp%2Fv2%2Ftags&post=44508"}],"curies":[{"name":"wp","href":"https:\/\/api.w.org\/{rel}","templated":true}]}}