{"id":44505,"date":"2025-07-25T14:15:05","date_gmt":"2025-07-25T11:15:05","guid":{"rendered":"https:\/\/www.egemtv.com\/?p=44505"},"modified":"2025-07-25T14:15:06","modified_gmt":"2025-07-25T11:15:06","slug":"tarim-arazisinde-cikan-yangin-itfaiye-ve-ciftcilerin-yogun-cabasi-sonucu-sonduruldu","status":"publish","type":"post","link":"https:\/\/www.egemtv.com\/?p=44505","title":{"rendered":"Tar\u0131m arazisinde \u00e7\u0131kan yang\u0131n itfaiye ve \u00e7ift\u00e7ilerin yo\u011fun \u00e7abas\u0131 sonucu s\u00f6nd\u00fcr\u00fcld\u00fc"},"content":{"rendered":"<p>Denizli\u2019nin \u00c7ivril il\u00e7esinde tar\u0131m arazisinde ba\u015flayan yang\u0131n itfaiye ve \u00e7ift\u00e7ilerin yo\u011fun \u00e7abas\u0131 sonucu s\u00f6nd\u00fcr\u00fcld\u00fc.  B\u00f6lgede bulunan a\u011fa\u00e7lar\u0131n zarar g\u00f6rd\u00fc\u011f\u00fc, hasat d\u00f6nemi bitti\u011fi i\u00e7in \u00fcr\u00fcnlerde zarar olmad\u0131\u011f\u0131 bildirildi.<\/p>\n<p>Yang\u0131n, \u00c7ivril il\u00e7esi G\u00fcrp\u0131nar Mahallesi\u2019nde meydana geldi. Edinilen bilgilere g\u00f6re, Eriklip\u0131nar mevkiinde d\u00fcn ak\u015fam saatlerinde yang\u0131n \u00e7\u0131kt\u0131. Tar\u0131m arazilerinin oldu\u011fu b\u00f6lgede ba\u015flayan yang\u0131n r\u00fczgar\u0131n etkisiyle k\u0131sa s\u00fcrede b\u00fcy\u00fcd\u00fc. Yang\u0131n\u0131 g\u00f6ren vatanda\u015flar\u0131n ihbar\u0131 \u00fczerine b\u00f6lgeye itfaiye ekipleri sevk edildi. \u0130tfaiye ekipleri ve k\u00f6yl\u00fclerin yo\u011fun \u00e7abas\u0131n\u0131n ard\u0131ndan yang\u0131n kontrol alt\u0131na al\u0131nd\u0131.<\/p>\n<p>Ak\u015fam g\u00f6r\u00fc\u015f mesafesinin d\u00fc\u015fmesi ile ara verilen so\u011futma \u00e7al\u0131\u015fmalar\u0131na sabah erken saatlerde yeniden ba\u015flad\u0131. So\u011futma \u00e7al\u0131\u015fmalar\u0131 ba\u015flarken r\u00fczgar ve kuru havan\u0131n etkisiyle alevler tekrar b\u00fcy\u00fcd\u00fc. Olay yerinde bulunan ekipler yang\u0131na m\u00fcdahale ederken G\u00fcrp\u0131nar, Karabedirler ve Karalar mahalle sakinleri de trakt\u00f6rleri ile yang\u0131na m\u00fcdahale etti.<\/p>\n<p>Bir\u00e7ok \u00e7ift\u00e7i tankerlerle b\u00f6lgeye su g\u00f6t\u00fcr\u00fcrken baz\u0131 \u00e7ift\u00e7iler de saban ile tarlalar\u0131 s\u00fcrerek alevlerin ilerlemesine engel olmaya \u00e7al\u0131\u015ft\u0131. Yang\u0131n\u0131n tamamen s\u00f6nd\u00fcr\u00fcld\u00fc\u011f\u00fc bildirilirken so\u011futma \u00e7al\u0131\u015fmalar\u0131 devam ediyor. Yang\u0131n\u0131n \u00e7\u0131k\u0131\u015f sebebi ile ilgili bir a\u00e7\u0131klama yap\u0131lmazken b\u00f6lgede bulunan a\u011fa\u00e7lar\u0131n zarar g\u00f6rd\u00fc\u011f\u00fc hasat d\u00f6nemi bitti\u011fi i\u00e7in \u00fcr\u00fcnlerde zarar olmad\u0131\u011f\u0131 bildirildi.<\/p>\n<p>Yang\u0131nla ilgili soru\u015fturma ba\u015flat\u0131ld\u0131.<br \/><\/p>\n","protected":false},"excerpt":{"rendered":"<p>Denizli\u2019nin \u00c7ivril il\u00e7esinde tar\u0131m arazisinde ba\u015flayan yang\u0131n itfaiye ve \u00e7ift\u00e7ilerin yo\u011fun \u00e7abas\u0131 sonucu s\u00f6nd\u00fcr\u00fcld\u00fc. B\u00f6lgede bulunan a\u011fa\u00e7lar\u0131n zarar g\u00f6rd\u00fc\u011f\u00fc, hasat d\u00f6nemi bitti\u011fi i\u00e7in \u00fcr\u00fcnlerde zarar olmad\u0131\u011f\u0131 bildirildi. Yang\u0131n, \u00c7ivril il\u00e7esi G\u00fcrp\u0131nar Mahallesi\u2019nde meydana geldi. Edinilen bilgilere g\u00f6re, Eriklip\u0131nar mevkiinde d\u00fcn ak\u015fam saatlerinde yang\u0131n \u00e7\u0131kt\u0131. Tar\u0131m arazilerinin oldu\u011fu b\u00f6lgede ba\u015flayan yang\u0131n r\u00fczgar\u0131n etkisiyle k\u0131sa s\u00fcrede b\u00fcy\u00fcd\u00fc&#8230;.<\/p>\n","protected":false},"author":1,"featured_media":44506,"comment_status":"open","ping_status":"open","sticky":false,"template":"","format":"standard","meta":{"_crdt_document":"","footnotes":""},"categories":[5],"tags":[],"class_list":["post-44505","post","type-post","status-publish","format-standard","has-post-thumbnail","hentry","category-asayis"],"_links":{"self":[{"href":"https:\/\/www.egemtv.com\/index.php?rest_route=\/wp\/v2\/posts\/44505","targetHints":{"allow":["GET"]}}],"collection":[{"href":"https:\/\/www.egemtv.com\/index.php?rest_route=\/wp\/v2\/posts"}],"about":[{"href":"https:\/\/www.egemtv.com\/index.php?rest_route=\/wp\/v2\/types\/post"}],"author":[{"embeddable":true,"href":"https:\/\/www.egemtv.com\/index.php?rest_route=\/wp\/v2\/users\/1"}],"replies":[{"embeddable":true,"href":"https:\/\/www.egemtv.com\/index.php?rest_route=%2Fwp%2Fv2%2Fcomments&post=44505"}],"version-history":[{"count":1,"href":"https:\/\/www.egemtv.com\/index.php?rest_route=\/wp\/v2\/posts\/44505\/revisions"}],"predecessor-version":[{"id":44507,"href":"https:\/\/www.egemtv.com\/index.php?rest_route=\/wp\/v2\/posts\/44505\/revisions\/44507"}],"wp:featuredmedia":[{"embeddable":true,"href":"https:\/\/www.egemtv.com\/index.php?rest_route=\/wp\/v2\/media\/44506"}],"wp:attachment":[{"href":"https:\/\/www.egemtv.com\/index.php?rest_route=%2Fwp%2Fv2%2Fmedia&parent=44505"}],"wp:term":[{"taxonomy":"category","embeddable":true,"href":"https:\/\/www.egemtv.com\/index.php?rest_route=%2Fwp%2Fv2%2Fcategories&post=44505"},{"taxonomy":"post_tag","embeddable":true,"href":"https:\/\/www.egemtv.com\/index.php?rest_route=%2Fwp%2Fv2%2Ftags&post=44505"}],"curies":[{"name":"wp","href":"https:\/\/api.w.org\/{rel}","templated":true}]}}