{"id":44499,"date":"2025-07-25T13:55:30","date_gmt":"2025-07-25T10:55:30","guid":{"rendered":"https:\/\/www.egemtv.com\/?p=44499"},"modified":"2025-07-25T13:55:31","modified_gmt":"2025-07-25T10:55:31","slug":"baskan-kunkcu-faiz-indiriminde-devamlilik-bekliyoruz","status":"publish","type":"post","link":"https:\/\/www.egemtv.com\/?p=44499","title":{"rendered":"Ba\u015fkan K\u00fcnkc\u00fc: &#8220;Faiz indiriminde devaml\u0131l\u0131k bekliyoruz&#8221;"},"content":{"rendered":"<p>T\u00fcrkiye Cumhuriyet Merkez Bankas\u0131\u2019n\u0131n a\u00e7\u0131klad\u0131\u011f\u0131 300 baz puanl\u0131k faiz indirimi karar\u0131na Ayd\u0131n Esnaf ve Sanatkarlar Odalar\u0131 Birli\u011fi (AYESOB) Ba\u015fkan\u0131 Muhammet Ali K\u00fcnkc\u00fc\u2019den destek geldi. Ba\u015fkan K\u00fcnkc\u00fc, faizlerin y\u00fczde 43 seviyesine \u00e7ekilmesini olumlu bir geli\u015fme olarak de\u011ferlendirdi.<\/p>\n<p>Ba\u015fkan K\u00fcnkc\u00fc yapt\u0131\u011f\u0131 a\u00e7\u0131klamada, y\u00fcksek faiz oranlar\u0131n\u0131n esnaf ve sanatk\u00e2rlar\u0131n krediye eri\u015fimini zorla\u015ft\u0131rd\u0131\u011f\u0131n\u0131 belirterek, &#8220;Merkez Bankas\u0131\u2019n\u0131n faiz indirimi karar\u0131, finansmana eri\u015fimde ya\u015fanan s\u0131k\u0131nt\u0131lar\u0131n hafiflemesine katk\u0131 sunacakt\u0131r. \u00d6zellikle k\u00fc\u00e7\u00fck esnaf\u0131m\u0131z i\u00e7in bu karar, hem i\u015flerini s\u00fcrd\u00fcrebilmeleri hem de yeni yat\u0131r\u0131mlara ad\u0131m atmalar\u0131 a\u00e7\u0131s\u0131ndan umut verici bir geli\u015fmedir&#8221; dedi.<\/p>\n<p>K\u00fcnkc\u00fc, a\u00e7\u0131klamas\u0131n\u0131n devam\u0131nda enflasyonla m\u00fccadelenin kararl\u0131l\u0131kla s\u00fcrd\u00fcr\u00fclmesi gerekti\u011fine dikkat \u00e7ekerek, &#8220;Ekonomik dengelerin yeniden sa\u011flanmas\u0131 ad\u0131na at\u0131lan bu ad\u0131m\u0131n, enflasyonla m\u00fccadeleyle e\u015f g\u00fcd\u00fcml\u00fc olarak devam etmesini temenni ediyoruz. Bu s\u00fcre\u00e7te ba\u015fta esnaf\u0131m\u0131z olmak \u00fczere t\u00fcm \u00fcretici kesimin desteklenmesini \u00f6nemsiyoruz. Faiz indiriminde devaml\u0131l\u0131k bekliyoruz&#8221; ifadelerini kulland\u0131.<\/p>\n<p>Al\u0131nan karar\u0131n piyasalar\u0131 canland\u0131rmas\u0131n\u0131 ve istikrar ortam\u0131n\u0131 g\u00fc\u00e7lendirmesini beklediklerini belirten K\u00fcnkc\u00fc, esnaf camias\u0131 ad\u0131na Merkez Bankas\u0131\u2019n\u0131n faiz indirimi karar\u0131n\u0131 memnuniyetle kar\u015f\u0131lad\u0131klar\u0131n\u0131 dile getirdi.<br \/><\/p>\n","protected":false},"excerpt":{"rendered":"<p>T\u00fcrkiye Cumhuriyet Merkez Bankas\u0131\u2019n\u0131n a\u00e7\u0131klad\u0131\u011f\u0131 300 baz puanl\u0131k faiz indirimi karar\u0131na Ayd\u0131n Esnaf ve Sanatkarlar Odalar\u0131 Birli\u011fi (AYESOB) Ba\u015fkan\u0131 Muhammet Ali K\u00fcnkc\u00fc\u2019den destek geldi. Ba\u015fkan K\u00fcnkc\u00fc, faizlerin y\u00fczde 43 seviyesine \u00e7ekilmesini olumlu bir geli\u015fme olarak de\u011ferlendirdi. Ba\u015fkan K\u00fcnkc\u00fc yapt\u0131\u011f\u0131 a\u00e7\u0131klamada, y\u00fcksek faiz oranlar\u0131n\u0131n esnaf ve sanatk\u00e2rlar\u0131n krediye eri\u015fimini zorla\u015ft\u0131rd\u0131\u011f\u0131n\u0131 belirterek, &#8220;Merkez Bankas\u0131\u2019n\u0131n faiz indirimi karar\u0131,&#8230;<\/p>\n","protected":false},"author":1,"featured_media":44500,"comment_status":"open","ping_status":"open","sticky":false,"template":"","format":"standard","meta":{"_crdt_document":"","footnotes":""},"categories":[125],"tags":[],"class_list":["post-44499","post","type-post","status-publish","format-standard","has-post-thumbnail","hentry","category-ekonomi"],"_links":{"self":[{"href":"https:\/\/www.egemtv.com\/index.php?rest_route=\/wp\/v2\/posts\/44499","targetHints":{"allow":["GET"]}}],"collection":[{"href":"https:\/\/www.egemtv.com\/index.php?rest_route=\/wp\/v2\/posts"}],"about":[{"href":"https:\/\/www.egemtv.com\/index.php?rest_route=\/wp\/v2\/types\/post"}],"author":[{"embeddable":true,"href":"https:\/\/www.egemtv.com\/index.php?rest_route=\/wp\/v2\/users\/1"}],"replies":[{"embeddable":true,"href":"https:\/\/www.egemtv.com\/index.php?rest_route=%2Fwp%2Fv2%2Fcomments&post=44499"}],"version-history":[{"count":1,"href":"https:\/\/www.egemtv.com\/index.php?rest_route=\/wp\/v2\/posts\/44499\/revisions"}],"predecessor-version":[{"id":44501,"href":"https:\/\/www.egemtv.com\/index.php?rest_route=\/wp\/v2\/posts\/44499\/revisions\/44501"}],"wp:featuredmedia":[{"embeddable":true,"href":"https:\/\/www.egemtv.com\/index.php?rest_route=\/wp\/v2\/media\/44500"}],"wp:attachment":[{"href":"https:\/\/www.egemtv.com\/index.php?rest_route=%2Fwp%2Fv2%2Fmedia&parent=44499"}],"wp:term":[{"taxonomy":"category","embeddable":true,"href":"https:\/\/www.egemtv.com\/index.php?rest_route=%2Fwp%2Fv2%2Fcategories&post=44499"},{"taxonomy":"post_tag","embeddable":true,"href":"https:\/\/www.egemtv.com\/index.php?rest_route=%2Fwp%2Fv2%2Ftags&post=44499"}],"curies":[{"name":"wp","href":"https:\/\/api.w.org\/{rel}","templated":true}]}}