{"id":44496,"date":"2025-07-25T13:35:05","date_gmt":"2025-07-25T10:35:05","guid":{"rendered":"https:\/\/www.egemtv.com\/?p=44496"},"modified":"2025-07-25T13:35:06","modified_gmt":"2025-07-25T10:35:06","slug":"mugladaki-yangin-stratonikia-antik-kentindeki-zirai-alanda-etkili-oluyor","status":"publish","type":"post","link":"https:\/\/www.egemtv.com\/?p=44496","title":{"rendered":"Mu\u011fla\u2019daki yang\u0131n Stratonikia Antik kentindeki zirai alanda etkili oluyor"},"content":{"rendered":"<p>Mu\u011fla\u2019da zirai alanda ba\u015flayan ve etraf\u0131ndaki a\u011fa\u00e7l\u0131k alana da s\u0131\u00e7rayan alevler Stratonikia Antik kenti i\u00e7indeki zirai alanda devam ederken, ekiplerin yang\u0131na havadan ve karadan m\u00fcdahalesi devam ediyor.<\/p>\n<p>Edinilen bilgiye g\u00f6re, Eskihisar Mahallesi\u2019nde Stratonikia Antik Kenti\u2019ne yak\u0131n b\u00f6lgedeki zirai alanda yang\u0131n \u00e7\u0131kt\u0131. Yang\u0131n karayolu yak\u0131n\u0131ndaki a\u011fa\u00e7l\u0131k alana s\u0131\u00e7rad\u0131. Yang\u0131n ihbar\u0131 \u00fczerine b\u00f6lgeye itfaiye ve Mu\u011fla Orman B\u00f6lge M\u00fcd\u00fcrl\u00fc\u011f\u00fc yang\u0131n s\u00f6nd\u00fcrme ekipleri sevk edildi. Ekipler havadan ve karadan alevlere m\u00fcdahaleye ba\u015flad\u0131.<\/p>\n<p>Yang\u0131n antik kent i\u00e7erisinde devam ediyor<br \/>\n<br \/>Alevlerin Stratonikia Antik Kenti i\u00e7erisindeki zirai alanda devam etti\u011fi \u00f6\u011frenilirken, ekiplerin havadan ve karadan m\u00fcdahalesi devam ediyor<br \/><\/p>\n","protected":false},"excerpt":{"rendered":"<p>Mu\u011fla\u2019da zirai alanda ba\u015flayan ve etraf\u0131ndaki a\u011fa\u00e7l\u0131k alana da s\u0131\u00e7rayan alevler Stratonikia Antik kenti i\u00e7indeki zirai alanda devam ederken, ekiplerin yang\u0131na havadan ve karadan m\u00fcdahalesi devam ediyor. Edinilen bilgiye g\u00f6re, Eskihisar Mahallesi\u2019nde Stratonikia Antik Kenti\u2019ne yak\u0131n b\u00f6lgedeki zirai alanda yang\u0131n \u00e7\u0131kt\u0131. Yang\u0131n karayolu yak\u0131n\u0131ndaki a\u011fa\u00e7l\u0131k alana s\u0131\u00e7rad\u0131. Yang\u0131n ihbar\u0131 \u00fczerine b\u00f6lgeye itfaiye ve Mu\u011fla Orman&#8230;<\/p>\n","protected":false},"author":1,"featured_media":44497,"comment_status":"open","ping_status":"open","sticky":false,"template":"","format":"standard","meta":{"_crdt_document":"","footnotes":""},"categories":[5],"tags":[],"class_list":["post-44496","post","type-post","status-publish","format-standard","has-post-thumbnail","hentry","category-asayis"],"_links":{"self":[{"href":"https:\/\/www.egemtv.com\/index.php?rest_route=\/wp\/v2\/posts\/44496","targetHints":{"allow":["GET"]}}],"collection":[{"href":"https:\/\/www.egemtv.com\/index.php?rest_route=\/wp\/v2\/posts"}],"about":[{"href":"https:\/\/www.egemtv.com\/index.php?rest_route=\/wp\/v2\/types\/post"}],"author":[{"embeddable":true,"href":"https:\/\/www.egemtv.com\/index.php?rest_route=\/wp\/v2\/users\/1"}],"replies":[{"embeddable":true,"href":"https:\/\/www.egemtv.com\/index.php?rest_route=%2Fwp%2Fv2%2Fcomments&post=44496"}],"version-history":[{"count":1,"href":"https:\/\/www.egemtv.com\/index.php?rest_route=\/wp\/v2\/posts\/44496\/revisions"}],"predecessor-version":[{"id":44498,"href":"https:\/\/www.egemtv.com\/index.php?rest_route=\/wp\/v2\/posts\/44496\/revisions\/44498"}],"wp:featuredmedia":[{"embeddable":true,"href":"https:\/\/www.egemtv.com\/index.php?rest_route=\/wp\/v2\/media\/44497"}],"wp:attachment":[{"href":"https:\/\/www.egemtv.com\/index.php?rest_route=%2Fwp%2Fv2%2Fmedia&parent=44496"}],"wp:term":[{"taxonomy":"category","embeddable":true,"href":"https:\/\/www.egemtv.com\/index.php?rest_route=%2Fwp%2Fv2%2Fcategories&post=44496"},{"taxonomy":"post_tag","embeddable":true,"href":"https:\/\/www.egemtv.com\/index.php?rest_route=%2Fwp%2Fv2%2Ftags&post=44496"}],"curies":[{"name":"wp","href":"https:\/\/api.w.org\/{rel}","templated":true}]}}