{"id":44493,"date":"2025-07-25T13:35:04","date_gmt":"2025-07-25T10:35:04","guid":{"rendered":"https:\/\/www.egemtv.com\/?p=44493"},"modified":"2025-07-25T13:35:05","modified_gmt":"2025-07-25T10:35:05","slug":"pamukkale-denetimli-serbestlik-yukumluleri-tarafindan-temizlendi","status":"publish","type":"post","link":"https:\/\/www.egemtv.com\/?p=44493","title":{"rendered":"Pamukkale denetimli serbestlik y\u00fck\u00fcml\u00fcleri taraf\u0131ndan temizlendi"},"content":{"rendered":"<p>UNESCO D\u00fcnya Miras Listesinde yer alan ve Denizli\u2019nin \u00f6nemli turizm merkezi olan Pamukkale Travertenleri, Denetimli Serbestlik M\u00fcd\u00fcrl\u00fcklerinin kurulu\u015funun 20. y\u0131l\u0131 kapsam\u0131nda, Denizli Denetimli Serbestlik M\u00fcd\u00fcrl\u00fc\u011f\u00fc ile Denizli \u0130l K\u00fclt\u00fcr ve Turizm M\u00fcd\u00fcrl\u00fc\u011f\u00fc i\u015f birli\u011finde titizlikle temizlendi.<\/p>\n<p>Denetimli Serbestlik M\u00fcd\u00fcrl\u00fcklerinin kurulu\u015funun 20. y\u0131l\u0131 kapsam\u0131nda, Denizli Denetimli Serbestlik M\u00fcd\u00fcrl\u00fc\u011f\u00fc ile Denizli \u0130l K\u00fclt\u00fcr ve Turizm M\u00fcd\u00fcrl\u00fc\u011f\u00fc i\u015f birli\u011finde anlaml\u0131 bir fark\u0131ndal\u0131k \u00e7al\u0131\u015fmas\u0131na imza at\u0131ld\u0131. D\u00fcnyaca \u00fcnl\u00fc, UNESCO D\u00fcnya Miras\u0131 Listesi\u2019nde yer alan ve Denizli\u2019nin simgesi haline gelen Pamukkale Travertenleri, denetimli serbestlik y\u00fck\u00fcml\u00fcleri taraf\u0131ndan titizlikle temizlendi. Kamuya yararl\u0131 bir i\u015f kapsam\u0131nda ger\u00e7ekle\u015ftirilen bu etkinlik, hem \u00e7evre bilincini art\u0131rmay\u0131 hem de y\u00fck\u00fcml\u00fclerin topluma fayda sunmalar\u0131n\u0131 ama\u00e7land\u0131.<\/p>\n<p>&#8220;Pamukkale gibi bir d\u00fcnya miras\u0131n\u0131n korunmas\u0131 hepimizin sorumlulu\u011fudur&#8221;<br \/>\n<br \/>Yap\u0131lan \u00e7al\u0131\u015fma hakk\u0131nda a\u00e7\u0131klamada bulunan her iki kurumun yetkilileri de &#8220;Pamukkale gibi bir d\u00fcnya miras\u0131n\u0131n korunmas\u0131 hepimizin sorumlulu\u011fudur. Bu kapsamda y\u00fck\u00fcml\u00fclerimizle birlikte y\u00fcr\u00fctt\u00fc\u011f\u00fcm\u00fcz temizlik \u00e7al\u0131\u015fmalar\u0131n yaln\u0131zca bug\u00fcne \u00f6zel de\u011fil; belirli aral\u0131klarla s\u00fcrd\u00fcr\u00fclecek&#8221; \u015fekilde planland\u0131\u011f\u0131n\u0131 belirtildi.<\/p>\n<p>Ger\u00e7ekle\u015ftirilen etkinlik, hem \u00e7evre temizli\u011fi hem de sosyal sorumluluk a\u00e7\u0131s\u0131ndan \u00f6rnek bir i\u015f birli\u011fi modeli olarak takdir toplad\u0131.<br \/><\/p>\n","protected":false},"excerpt":{"rendered":"<p>UNESCO D\u00fcnya Miras Listesinde yer alan ve Denizli\u2019nin \u00f6nemli turizm merkezi olan Pamukkale Travertenleri, Denetimli Serbestlik M\u00fcd\u00fcrl\u00fcklerinin kurulu\u015funun 20. y\u0131l\u0131 kapsam\u0131nda, Denizli Denetimli Serbestlik M\u00fcd\u00fcrl\u00fc\u011f\u00fc ile Denizli \u0130l K\u00fclt\u00fcr ve Turizm M\u00fcd\u00fcrl\u00fc\u011f\u00fc i\u015f birli\u011finde titizlikle temizlendi. Denetimli Serbestlik M\u00fcd\u00fcrl\u00fcklerinin kurulu\u015funun 20. y\u0131l\u0131 kapsam\u0131nda, Denizli Denetimli Serbestlik M\u00fcd\u00fcrl\u00fc\u011f\u00fc ile Denizli \u0130l K\u00fclt\u00fcr ve Turizm M\u00fcd\u00fcrl\u00fc\u011f\u00fc i\u015f&#8230;<\/p>\n","protected":false},"author":1,"featured_media":44494,"comment_status":"open","ping_status":"open","sticky":false,"template":"","format":"standard","meta":{"_crdt_document":"","footnotes":""},"categories":[1],"tags":[],"class_list":["post-44493","post","type-post","status-publish","format-standard","has-post-thumbnail","hentry","category-guncel"],"_links":{"self":[{"href":"https:\/\/www.egemtv.com\/index.php?rest_route=\/wp\/v2\/posts\/44493","targetHints":{"allow":["GET"]}}],"collection":[{"href":"https:\/\/www.egemtv.com\/index.php?rest_route=\/wp\/v2\/posts"}],"about":[{"href":"https:\/\/www.egemtv.com\/index.php?rest_route=\/wp\/v2\/types\/post"}],"author":[{"embeddable":true,"href":"https:\/\/www.egemtv.com\/index.php?rest_route=\/wp\/v2\/users\/1"}],"replies":[{"embeddable":true,"href":"https:\/\/www.egemtv.com\/index.php?rest_route=%2Fwp%2Fv2%2Fcomments&post=44493"}],"version-history":[{"count":1,"href":"https:\/\/www.egemtv.com\/index.php?rest_route=\/wp\/v2\/posts\/44493\/revisions"}],"predecessor-version":[{"id":44495,"href":"https:\/\/www.egemtv.com\/index.php?rest_route=\/wp\/v2\/posts\/44493\/revisions\/44495"}],"wp:featuredmedia":[{"embeddable":true,"href":"https:\/\/www.egemtv.com\/index.php?rest_route=\/wp\/v2\/media\/44494"}],"wp:attachment":[{"href":"https:\/\/www.egemtv.com\/index.php?rest_route=%2Fwp%2Fv2%2Fmedia&parent=44493"}],"wp:term":[{"taxonomy":"category","embeddable":true,"href":"https:\/\/www.egemtv.com\/index.php?rest_route=%2Fwp%2Fv2%2Fcategories&post=44493"},{"taxonomy":"post_tag","embeddable":true,"href":"https:\/\/www.egemtv.com\/index.php?rest_route=%2Fwp%2Fv2%2Ftags&post=44493"}],"curies":[{"name":"wp","href":"https:\/\/api.w.org\/{rel}","templated":true}]}}