{"id":44490,"date":"2025-07-25T13:35:03","date_gmt":"2025-07-25T10:35:03","guid":{"rendered":"https:\/\/www.egemtv.com\/?p=44490"},"modified":"2025-07-25T13:35:04","modified_gmt":"2025-07-25T10:35:04","slug":"goztepe-basketbol-murat-can-eseni-transfer-etti","status":"publish","type":"post","link":"https:\/\/www.egemtv.com\/?p=44490","title":{"rendered":"G\u00f6ztepe Basketbol, Murat Can Esen\u2019i transfer etti"},"content":{"rendered":"<p>G\u00f6ztepe Basketbol, son olarak \u00c7a\u011fda\u015f Bodrumspor formas\u0131 giyen k\u0131sa forvet Murat Can Esen\u2019i kadrosuna katt\u0131\u011f\u0131n\u0131 duyurdu.<br \/>\n<br \/>Yeni sezonda T\u00fcrkiye Basketbol Ligi\u2019ne m\u00fccadele edecek olan G\u00f6ztepe Basketbol, kadro planlamas\u0131 kapsam\u0131nda \u00e7al\u0131\u015fmalar\u0131n\u0131 s\u00fcrd\u00fcrmeye devam ediyor. \u0130zmir ekibi, d\u0131\u015f transferde Ahmet Fatih Cantitiz, Eray B\u00fcy\u00fckcangaz ve Jordan Barnes\u2019i kadrosuna katt\u0131. Takviyelerini s\u00fcrd\u00fcren G\u00f6ztepe, son olarak \u00c7a\u011fda\u015f Bodrumspor formas\u0131 giyen k\u0131sa forvet Murat Can Esen\u2019i transfer etti. Konuyla ilgili kul\u00fcpten yap\u0131lan a\u00e7\u0131klamada, &#8220;G\u00f6ztepe\u2019miz, 2025-2026 sezonu i\u00e7in Murat Can Esen ile anla\u015fmaya varm\u0131\u015ft\u0131r. Murat Can Esen\u2019e kul\u00fcb\u00fcm\u00fcze ho\u015f geldin diyor, sar\u0131-k\u0131rm\u0131z\u0131 formayla ba\u015far\u0131l\u0131 bir sezon ge\u00e7irmesini diliyoruz&#8221; denildi.<br \/>\n<br \/>\u00d6te yandan 35 ya\u015f\u0131ndaki basketbolcu; alt ya\u015f kategorilerinde milli tak\u0131m formas\u0131n\u0131 giymesinin yan\u0131 s\u0131ra, \u00c7a\u011fda\u015f Bodrumspor ile S\u00fcper Lig\u2019e y\u00fckselme ba\u015far\u0131s\u0131 g\u00f6sterdi. Kariyerinde ayr\u0131ca Final Spor, Akhisar Belediye, Yalova Belediyespor, B\u00fcy\u00fck\u015fehir Hastanesi Konyaspor, Budo Gemlik Basketbol, Alag\u00f6z I\u011fd\u0131r Basketbol, Karesi Spor ve Fethiye Belediye\u2019de oynad\u0131.<br \/><\/p>\n","protected":false},"excerpt":{"rendered":"<p>G\u00f6ztepe Basketbol, son olarak \u00c7a\u011fda\u015f Bodrumspor formas\u0131 giyen k\u0131sa forvet Murat Can Esen\u2019i kadrosuna katt\u0131\u011f\u0131n\u0131 duyurdu. Yeni sezonda T\u00fcrkiye Basketbol Ligi\u2019ne m\u00fccadele edecek olan G\u00f6ztepe Basketbol, kadro planlamas\u0131 kapsam\u0131nda \u00e7al\u0131\u015fmalar\u0131n\u0131 s\u00fcrd\u00fcrmeye devam ediyor. \u0130zmir ekibi, d\u0131\u015f transferde Ahmet Fatih Cantitiz, Eray B\u00fcy\u00fckcangaz ve Jordan Barnes\u2019i kadrosuna katt\u0131. Takviyelerini s\u00fcrd\u00fcren G\u00f6ztepe, son olarak \u00c7a\u011fda\u015f Bodrumspor formas\u0131&#8230;<\/p>\n","protected":false},"author":1,"featured_media":44491,"comment_status":"open","ping_status":"open","sticky":false,"template":"","format":"standard","meta":{"_crdt_document":"","footnotes":""},"categories":[4],"tags":[],"class_list":["post-44490","post","type-post","status-publish","format-standard","has-post-thumbnail","hentry","category-spor"],"_links":{"self":[{"href":"https:\/\/www.egemtv.com\/index.php?rest_route=\/wp\/v2\/posts\/44490","targetHints":{"allow":["GET"]}}],"collection":[{"href":"https:\/\/www.egemtv.com\/index.php?rest_route=\/wp\/v2\/posts"}],"about":[{"href":"https:\/\/www.egemtv.com\/index.php?rest_route=\/wp\/v2\/types\/post"}],"author":[{"embeddable":true,"href":"https:\/\/www.egemtv.com\/index.php?rest_route=\/wp\/v2\/users\/1"}],"replies":[{"embeddable":true,"href":"https:\/\/www.egemtv.com\/index.php?rest_route=%2Fwp%2Fv2%2Fcomments&post=44490"}],"version-history":[{"count":1,"href":"https:\/\/www.egemtv.com\/index.php?rest_route=\/wp\/v2\/posts\/44490\/revisions"}],"predecessor-version":[{"id":44492,"href":"https:\/\/www.egemtv.com\/index.php?rest_route=\/wp\/v2\/posts\/44490\/revisions\/44492"}],"wp:featuredmedia":[{"embeddable":true,"href":"https:\/\/www.egemtv.com\/index.php?rest_route=\/wp\/v2\/media\/44491"}],"wp:attachment":[{"href":"https:\/\/www.egemtv.com\/index.php?rest_route=%2Fwp%2Fv2%2Fmedia&parent=44490"}],"wp:term":[{"taxonomy":"category","embeddable":true,"href":"https:\/\/www.egemtv.com\/index.php?rest_route=%2Fwp%2Fv2%2Fcategories&post=44490"},{"taxonomy":"post_tag","embeddable":true,"href":"https:\/\/www.egemtv.com\/index.php?rest_route=%2Fwp%2Fv2%2Ftags&post=44490"}],"curies":[{"name":"wp","href":"https:\/\/api.w.org\/{rel}","templated":true}]}}