{"id":44487,"date":"2025-07-25T13:35:02","date_gmt":"2025-07-25T10:35:02","guid":{"rendered":"https:\/\/www.egemtv.com\/?p=44487"},"modified":"2025-07-25T13:35:03","modified_gmt":"2025-07-25T10:35:03","slug":"yanginla-mucadelede-onlari-ne-uykusuzluk-ne-de-yorgunluk-durduruyor","status":"publish","type":"post","link":"https:\/\/www.egemtv.com\/?p=44487","title":{"rendered":"Yang\u0131nla m\u00fccadelede onlar\u0131 ne uykusuzluk ne de yorgunluk durduruyor"},"content":{"rendered":"<p>Afyonkarahisar\u2019daki orman yang\u0131n\u0131 3 g\u00fcn\u00fcn sonunda sabah saatlerinde kontrol alt\u0131na al\u0131n\u0131rken, yang\u0131n\u0131 s\u00f6nd\u00fcrmek i\u00e7in 3 g\u00fcnd\u00fcr yorgun ve uykusuz \u00e7al\u0131\u015fan orman i\u015f\u00e7ileri ye\u015fil vatan\u0131 korumak i\u00e7in hi\u00e7bir \u015feye ald\u0131r\u0131\u015f etmeden so\u011futma \u00e7al\u0131\u015fmalar\u0131na canh\u0131ra\u015f devam ediyor.<br \/>\n<br \/>Eski\u015fehir\u2019de 3 g\u00fcn \u00f6nce ba\u015flayan ve Afyonkarahisar\u2019a da s\u0131\u00e7rayan orman yang\u0131n\u0131n Afyonkarahisar s\u0131n\u0131rlar\u0131 i\u00e7erisinde kalan k\u0131sm\u0131 sabah saatlerinde s\u00f6nd\u00fcr\u00fcld\u00fc. So\u011futma \u00e7al\u0131\u015fmalar\u0131n\u0131n devam etti\u011fi b\u00f6lgede orman i\u015f\u00e7ileri kimyasal k\u00f6p\u00fck ve su kullanarak arazide so\u011futma \u00e7al\u0131\u015fmalar\u0131n\u0131 yo\u011fun bir \u015fekilde devam ettiriyor. 3 g\u00fcnden bu yana uykusuz ve yorgun halde ye\u015fil vatan\u0131 korumak i\u00e7in m\u00fccadelelerini s\u00fcrd\u00fcren Afyonkarahisar Orman \u0130\u015fletme M\u00fcd\u00fcrl\u00fc\u011f\u00fc \u0130hsaniye \u015eefli\u011fi ekipleri so\u011futma \u00e7al\u0131\u015fmalar\u0131n\u0131 s\u00fcrd\u00fcr\u00fcyor. Ekipler yanan alanda araz\u00f6zler ile s\u00fcrekli devriye gezerek k\u00fc\u00e7\u00fck de olsa duman g\u00f6rd\u00fckleri yerlere m\u00fcdahale ediyor. Ekipte g\u00f6revli Emre Kaan G\u00fcl, kendisi ile birlikte mesai arkada\u015flar\u0131n\u0131n da yang\u0131n tamamen s\u00f6nd\u00fcr\u00fclene kadar g\u00f6revlerinin ba\u015f\u0131nda olacaklar\u0131n\u0131 ve duman olan b\u00f6lgelerde kimyasal k\u00f6p\u00fck ile bir ba\u015fka yang\u0131n\u0131n \u00e7\u0131kmamas\u0131 i\u00e7in m\u00fccadele edeceklerini dile getirdi.<br \/>\n<br \/>Ekipler b\u00f6lgedeki so\u011futma \u00e7al\u0131\u015fmalar\u0131na helikopterler ile havadan da destek veriliyor.<br \/><\/p>\n","protected":false},"excerpt":{"rendered":"<p>Afyonkarahisar\u2019daki orman yang\u0131n\u0131 3 g\u00fcn\u00fcn sonunda sabah saatlerinde kontrol alt\u0131na al\u0131n\u0131rken, yang\u0131n\u0131 s\u00f6nd\u00fcrmek i\u00e7in 3 g\u00fcnd\u00fcr yorgun ve uykusuz \u00e7al\u0131\u015fan orman i\u015f\u00e7ileri ye\u015fil vatan\u0131 korumak i\u00e7in hi\u00e7bir \u015feye ald\u0131r\u0131\u015f etmeden so\u011futma \u00e7al\u0131\u015fmalar\u0131na canh\u0131ra\u015f devam ediyor. Eski\u015fehir\u2019de 3 g\u00fcn \u00f6nce ba\u015flayan ve Afyonkarahisar\u2019a da s\u0131\u00e7rayan orman yang\u0131n\u0131n Afyonkarahisar s\u0131n\u0131rlar\u0131 i\u00e7erisinde kalan k\u0131sm\u0131 sabah saatlerinde s\u00f6nd\u00fcr\u00fcld\u00fc. So\u011futma&#8230;<\/p>\n","protected":false},"author":1,"featured_media":44488,"comment_status":"open","ping_status":"open","sticky":false,"template":"","format":"standard","meta":{"_crdt_document":"","footnotes":""},"categories":[5],"tags":[],"class_list":["post-44487","post","type-post","status-publish","format-standard","has-post-thumbnail","hentry","category-asayis"],"_links":{"self":[{"href":"https:\/\/www.egemtv.com\/index.php?rest_route=\/wp\/v2\/posts\/44487","targetHints":{"allow":["GET"]}}],"collection":[{"href":"https:\/\/www.egemtv.com\/index.php?rest_route=\/wp\/v2\/posts"}],"about":[{"href":"https:\/\/www.egemtv.com\/index.php?rest_route=\/wp\/v2\/types\/post"}],"author":[{"embeddable":true,"href":"https:\/\/www.egemtv.com\/index.php?rest_route=\/wp\/v2\/users\/1"}],"replies":[{"embeddable":true,"href":"https:\/\/www.egemtv.com\/index.php?rest_route=%2Fwp%2Fv2%2Fcomments&post=44487"}],"version-history":[{"count":1,"href":"https:\/\/www.egemtv.com\/index.php?rest_route=\/wp\/v2\/posts\/44487\/revisions"}],"predecessor-version":[{"id":44489,"href":"https:\/\/www.egemtv.com\/index.php?rest_route=\/wp\/v2\/posts\/44487\/revisions\/44489"}],"wp:featuredmedia":[{"embeddable":true,"href":"https:\/\/www.egemtv.com\/index.php?rest_route=\/wp\/v2\/media\/44488"}],"wp:attachment":[{"href":"https:\/\/www.egemtv.com\/index.php?rest_route=%2Fwp%2Fv2%2Fmedia&parent=44487"}],"wp:term":[{"taxonomy":"category","embeddable":true,"href":"https:\/\/www.egemtv.com\/index.php?rest_route=%2Fwp%2Fv2%2Fcategories&post=44487"},{"taxonomy":"post_tag","embeddable":true,"href":"https:\/\/www.egemtv.com\/index.php?rest_route=%2Fwp%2Fv2%2Ftags&post=44487"}],"curies":[{"name":"wp","href":"https:\/\/api.w.org\/{rel}","templated":true}]}}